{"id":19430,"date":"2024-11-21T12:20:38","date_gmt":"2024-11-21T11:20:38","guid":{"rendered":"https:\/\/www.promin.it\/?p=19430"},"modified":"2024-12-12T16:39:03","modified_gmt":"2024-12-12T15:39:03","slug":"choeur-de-moutarde-de-promettre-la-ligne-complete-formulee-pour-le-bien-etre-de-la-voix-et-de-la-gorge","status":"publish","type":"post","link":"https:\/\/www.promin.it\/fr\/choeur-de-moutarde-de-promettre-la-ligne-complete-formulee-pour-le-bien-etre-de-la-voix-et-de-la-gorge\/","title":{"rendered":"Coro Erisimo de Promin, la ligne compl\u00e8te formul\u00e9e pour le bien-\u00eatre de la voix et de la gorge"},"content":{"rendered":"<h3>D\u00e9di\u00e9 \u00e0 ceux qui parlent, agissent, chantent, ou simplement \u00e0 ceux qui ont des probl\u00e8mes d\u2019enrouement, d\u2019aphonie, de dysphonie froide, de tabagisme, de reflux gastrique.<\/h3>\n<p>Les professionnels de la voix, les chanteurs, les pr\u00e9sentateurs, les intervenants, les DJ et les enseignants savent que pour leur travail, il est essentiel d\u2019avoir un instrument vocal bien entra\u00een\u00e9 et que la voix doit \u00eatre maintenue en bonne sant\u00e9, prot\u00e9g\u00e9e et entra\u00een\u00e9e en permanence, comme le font l\u2019athl\u00e8te et le sportif. En fait, il ne suffit pas de prendre soin de son alimentation, d\u2019\u00e9viter de fumer, de caf\u00e9, d\u2019alcool, d\u2019aliments \u00e9pic\u00e9s, de boire au moins deux litres d\u2019eau par jour pour s\u2019hydrater. Vous devez apprendre \u00e0 contr\u00f4ler votre voix avec la respiration et la bonne posture, vous entra\u00eener constamment pour maintenir l\u2019\u00e9lasticit\u00e9, le tonus, l\u2019extension. Et ils connaissent et utilisent certainement la moutarde des haies, l\u2019herbe de choix \u00e0 utiliser pour un bon entretien des cordes vocales ou pour r\u00e9soudre l\u2019aphonie et l\u2019enrouement inappropri\u00e9. Promin, Produits de M\u00e9decine Int\u00e9gr\u00e9e, a \u00e9t\u00e9 parmi les premi\u00e8res entreprises \u00e0 diffuser son utilisation et \u00e0 \u00e9tudier ses combinaisons possibles et les plus efficaces avec des extraits de plantes compl\u00e9mentaires. Coro Erisimo est une ligne compl\u00e8te qui, depuis des ann\u00e9es, en raison de la qualit\u00e9 des ingr\u00e9dients actifs s\u00e9lectionn\u00e9s, conna\u00eet le succ\u00e8s du public et des professionnels de la voix. Dans la ligne, nous trouvons les comprim\u00e9s <a href=\"https:\/\/www.promin.it\/prodotto\/coro-erisimo-compresse\/\"><strong>orodispersibles<\/strong><\/a>, \u00e9mollients et apaisants pour une voix forte et claire\u00a0; le <a href=\"https:\/\/www.promin.it\/prodotto\/coro-erisimo-spray\/\"><strong>spray<\/strong><\/a> \u00e0 base de moutarde des haies et d\u2019extraits de plantes \u00e0 fonction antibact\u00e9rienne et antivirale\u00a0; les <a href=\"https:\/\/www.promin.it\/prodotto\/coro-erisimo-gocce\/\"><strong>gouttes<\/strong><\/a> \u00e0 gargariser et\/ou \u00e0 avaler pour le bon entretien des cordes vocales ; Le <a href=\"https:\/\/www.promin.it\/prodotto\/corotuss\/\"><strong>sirop<\/strong><\/a> d\u00e9di\u00e9 \u00e0 ceux qui ont des probl\u00e8mes de toux et d\u2019enrouement dus au rhume, au tabagisme, \u00e0 la pollution, au reflux. Il convient de mentionner <a href=\"https:\/\/www.promin.it\/fr\/?post_type=product&amp;p=19383\"><strong>Coro Erisimo Zero<\/strong><\/a>, les nouveaux comprim\u00e9s orodispersibles sans sucre, sans gluten et sans \u00e9dulcorants intensifs.<\/p>\n<p><a href=\"https:\/\/www.promin.it\/fr\/?post_type=product&amp;p=19368\"><img decoding=\"async\" class=\"alignnone size-medium wp-image-17678\" src=\"https:\/\/www.promin.it\/wp-content\/uploads\/2024\/04\/pacchetto-coro-erisimo-300x300.jpg\" alt=\"\" width=\"300\" height=\"300\" srcset=\"https:\/\/www.promin.it\/wp-content\/uploads\/2024\/04\/pacchetto-coro-erisimo-300x300.jpg 300w, https:\/\/www.promin.it\/wp-content\/uploads\/2024\/04\/pacchetto-coro-erisimo-150x150.jpg 150w, https:\/\/www.promin.it\/wp-content\/uploads\/2024\/04\/pacchetto-coro-erisimo.jpg 600w\" sizes=\"(max-width: 300px) 100vw, 300px\" \/><\/a><\/p>\n<p><a class=\"w-btn us-btn-style_2 usg_btn_1\" href=\"https:\/\/www.promin.it\/fr\/?post_type=product&amp;p=19368\">Approfondissement<\/a><\/p>\n","protected":false},"excerpt":{"rendered":"<p>D\u00e9di\u00e9 \u00e0 ceux qui parlent, agissent, chantent, ou simplement \u00e0 ceux qui ont des probl\u00e8mes d\u2019enrouement, d\u2019aphonie, de dysphonie froide, de tabagisme, de reflux gastrique. Les professionnels de la voix, les chanteurs, les pr\u00e9sentateurs, les intervenants, les DJ et les enseignants savent que pour leur travail, il est essentiel d\u2019avoir un instrument vocal bien entra\u00een\u00e9&#8230;<\/p>\n","protected":false},"author":4,"featured_media":20217,"comment_status":"closed","ping_status":"closed","sticky":false,"template":"","format":"aside","meta":{"_acf_changed":false,"jetpack_post_was_ever_published":false,"_jetpack_newsletter_access":"","_jetpack_dont_email_post_to_subs":false,"_jetpack_newsletter_tier_id":0,"_jetpack_memberships_contains_paywalled_content":false,"_jetpack_memberships_contains_paid_content":false,"footnotes":"","jetpack_publicize_message":"","jetpack_publicize_feature_enabled":true,"jetpack_social_post_already_shared":true,"jetpack_social_options":{"image_generator_settings":{"template":"highway","enabled":false},"version":2}},"categories":[604,882],"tags":[],"class_list":["post-19430","post","type-post","status-publish","format-aside","has-post-thumbnail","hentry","category-non-classifiee","category-points-forts","post_format-post-format-aside"],"jetpack_publicize_connections":[],"acf":[],"yoast_head":"<!-- This site is optimized with the Yoast SEO plugin v23.4 - https:\/\/yoast.com\/wordpress\/plugins\/seo\/ -->\n<title>Ch\u0153ur de Moutarde de Promin : Bien-\u00eatre de la Gorge | Promin<\/title>\n<meta name=\"description\" content=\"Prenez soin de votre voix avec Ch\u0153ur de Moutarde, un compl\u00e9ment pour le bien-\u00eatre vocal et la sant\u00e9 de la gorge.\" \/>\n<meta name=\"robots\" content=\"index, follow, max-snippet:-1, max-image-preview:large, max-video-preview:-1\" \/>\n<link rel=\"canonical\" href=\"https:\/\/www.promin.it\/fr\/choeur-de-moutarde-de-promettre-la-ligne-complete-formulee-pour-le-bien-etre-de-la-voix-et-de-la-gorge\/\" \/>\n<meta property=\"og:locale\" content=\"fr_FR\" \/>\n<meta property=\"og:type\" content=\"article\" \/>\n<meta property=\"og:title\" content=\"Ch\u0153ur de Moutarde de Promin : Bien-\u00eatre de la Gorge | Promin\" \/>\n<meta property=\"og:description\" content=\"Prenez soin de votre voix avec Ch\u0153ur de Moutarde, un compl\u00e9ment pour le bien-\u00eatre vocal et la sant\u00e9 de la gorge.\" \/>\n<meta property=\"og:url\" content=\"https:\/\/www.promin.it\/fr\/choeur-de-moutarde-de-promettre-la-ligne-complete-formulee-pour-le-bien-etre-de-la-voix-et-de-la-gorge\/\" \/>\n<meta property=\"og:site_name\" content=\"Promin\" \/>\n<meta property=\"article:publisher\" content=\"https:\/\/www.facebook.com\/prominmed\" \/>\n<meta property=\"article:published_time\" content=\"2024-11-21T11:20:38+00:00\" \/>\n<meta property=\"article:modified_time\" content=\"2024-12-12T15:39:03+00:00\" \/>\n<meta property=\"og:image\" content=\"https:\/\/www.promin.it\/wp-content\/uploads\/2024\/04\/CORO-ERISIMO-PROMIN.webp\" \/>\n\t<meta property=\"og:image:width\" content=\"960\" \/>\n\t<meta property=\"og:image:height\" content=\"719\" \/>\n\t<meta property=\"og:image:type\" content=\"image\/webp\" \/>\n<meta name=\"author\" content=\"Promin\" \/>\n<meta name=\"twitter:card\" content=\"summary_large_image\" \/>\n<script type=\"application\/ld+json\" class=\"yoast-schema-graph\">{\"@context\":\"https:\/\/schema.org\",\"@graph\":[{\"@type\":\"Article\",\"@id\":\"https:\/\/www.promin.it\/fr\/choeur-de-moutarde-de-promettre-la-ligne-complete-formulee-pour-le-bien-etre-de-la-voix-et-de-la-gorge\/#article\",\"isPartOf\":{\"@id\":\"https:\/\/www.promin.it\/fr\/choeur-de-moutarde-de-promettre-la-ligne-complete-formulee-pour-le-bien-etre-de-la-voix-et-de-la-gorge\/\"},\"author\":{\"name\":\"Promin\",\"@id\":\"https:\/\/www.promin.it\/#\/schema\/person\/5300bbb9723a95b31f4f19fcccc5fa91\"},\"headline\":\"Coro Erisimo de Promin, la ligne compl\u00e8te formul\u00e9e pour le bien-\u00eatre de la voix et de la gorge\",\"datePublished\":\"2024-11-21T11:20:38+00:00\",\"dateModified\":\"2024-12-12T15:39:03+00:00\",\"mainEntityOfPage\":{\"@id\":\"https:\/\/www.promin.it\/fr\/choeur-de-moutarde-de-promettre-la-ligne-complete-formulee-pour-le-bien-etre-de-la-voix-et-de-la-gorge\/\"},\"wordCount\":368,\"publisher\":{\"@id\":\"https:\/\/www.promin.it\/#organization\"},\"image\":{\"@id\":\"https:\/\/www.promin.it\/fr\/choeur-de-moutarde-de-promettre-la-ligne-complete-formulee-pour-le-bien-etre-de-la-voix-et-de-la-gorge\/#primaryimage\"},\"thumbnailUrl\":\"https:\/\/www.promin.it\/wp-content\/uploads\/2024\/04\/CORO-ERISIMO-PROMIN.webp\",\"articleSection\":[\"Non classifi\u00e9(e)\",\"Points forts\"],\"inLanguage\":\"fr-FR\"},{\"@type\":\"WebPage\",\"@id\":\"https:\/\/www.promin.it\/fr\/choeur-de-moutarde-de-promettre-la-ligne-complete-formulee-pour-le-bien-etre-de-la-voix-et-de-la-gorge\/\",\"url\":\"https:\/\/www.promin.it\/fr\/choeur-de-moutarde-de-promettre-la-ligne-complete-formulee-pour-le-bien-etre-de-la-voix-et-de-la-gorge\/\",\"name\":\"Ch\u0153ur de Moutarde de Promin : Bien-\u00eatre de la Gorge | Promin\",\"isPartOf\":{\"@id\":\"https:\/\/www.promin.it\/#website\"},\"primaryImageOfPage\":{\"@id\":\"https:\/\/www.promin.it\/fr\/choeur-de-moutarde-de-promettre-la-ligne-complete-formulee-pour-le-bien-etre-de-la-voix-et-de-la-gorge\/#primaryimage\"},\"image\":{\"@id\":\"https:\/\/www.promin.it\/fr\/choeur-de-moutarde-de-promettre-la-ligne-complete-formulee-pour-le-bien-etre-de-la-voix-et-de-la-gorge\/#primaryimage\"},\"thumbnailUrl\":\"https:\/\/www.promin.it\/wp-content\/uploads\/2024\/04\/CORO-ERISIMO-PROMIN.webp\",\"datePublished\":\"2024-11-21T11:20:38+00:00\",\"dateModified\":\"2024-12-12T15:39:03+00:00\",\"description\":\"Prenez soin de votre voix avec Ch\u0153ur de Moutarde, un compl\u00e9ment pour le bien-\u00eatre vocal et la sant\u00e9 de la gorge.\",\"breadcrumb\":{\"@id\":\"https:\/\/www.promin.it\/fr\/choeur-de-moutarde-de-promettre-la-ligne-complete-formulee-pour-le-bien-etre-de-la-voix-et-de-la-gorge\/#breadcrumb\"},\"inLanguage\":\"fr-FR\",\"potentialAction\":[{\"@type\":\"ReadAction\",\"target\":[\"https:\/\/www.promin.it\/fr\/choeur-de-moutarde-de-promettre-la-ligne-complete-formulee-pour-le-bien-etre-de-la-voix-et-de-la-gorge\/\"]}]},{\"@type\":\"ImageObject\",\"inLanguage\":\"fr-FR\",\"@id\":\"https:\/\/www.promin.it\/fr\/choeur-de-moutarde-de-promettre-la-ligne-complete-formulee-pour-le-bien-etre-de-la-voix-et-de-la-gorge\/#primaryimage\",\"url\":\"https:\/\/www.promin.it\/wp-content\/uploads\/2024\/04\/CORO-ERISIMO-PROMIN.webp\",\"contentUrl\":\"https:\/\/www.promin.it\/wp-content\/uploads\/2024\/04\/CORO-ERISIMO-PROMIN.webp\",\"width\":960,\"height\":719},{\"@type\":\"BreadcrumbList\",\"@id\":\"https:\/\/www.promin.it\/fr\/choeur-de-moutarde-de-promettre-la-ligne-complete-formulee-pour-le-bien-etre-de-la-voix-et-de-la-gorge\/#breadcrumb\",\"itemListElement\":[{\"@type\":\"ListItem\",\"position\":1,\"name\":\"Accueil\",\"item\":\"https:\/\/www.promin.it\/fr\/\"},{\"@type\":\"ListItem\",\"position\":2,\"name\":\"Coro Erisimo de Promin, la ligne compl\u00e8te formul\u00e9e pour le bien-\u00eatre de la voix et de la gorge\"}]},{\"@type\":\"WebSite\",\"@id\":\"https:\/\/www.promin.it\/#website\",\"url\":\"https:\/\/www.promin.it\/\",\"name\":\"Promin\",\"description\":\"Prodotti Medicina Integrata\",\"publisher\":{\"@id\":\"https:\/\/www.promin.it\/#organization\"},\"potentialAction\":[{\"@type\":\"SearchAction\",\"target\":{\"@type\":\"EntryPoint\",\"urlTemplate\":\"https:\/\/www.promin.it\/?s={search_term_string}\"},\"query-input\":{\"@type\":\"PropertyValueSpecification\",\"valueRequired\":true,\"valueName\":\"search_term_string\"}}],\"inLanguage\":\"fr-FR\"},{\"@type\":\"Organization\",\"@id\":\"https:\/\/www.promin.it\/#organization\",\"name\":\"Promin Srl\",\"alternateName\":\"Promin - Prodotti Medicina Integrata\",\"url\":\"https:\/\/www.promin.it\/\",\"logo\":{\"@type\":\"ImageObject\",\"inLanguage\":\"fr-FR\",\"@id\":\"https:\/\/www.promin.it\/#\/schema\/logo\/image\/\",\"url\":\"https:\/\/www.promin.it\/wp-content\/uploads\/2024\/11\/logo-promin-seo.jpg\",\"contentUrl\":\"https:\/\/www.promin.it\/wp-content\/uploads\/2024\/11\/logo-promin-seo.jpg\",\"width\":512,\"height\":512,\"caption\":\"Promin Srl\"},\"image\":{\"@id\":\"https:\/\/www.promin.it\/#\/schema\/logo\/image\/\"},\"sameAs\":[\"https:\/\/www.facebook.com\/prominmed\",\"https:\/\/www.instagram.com\/promin_medicina_integrata\/\",\"https:\/\/www.linkedin.com\/company\/promin-prodotti-medicina-integrata\/\"]},{\"@type\":\"Person\",\"@id\":\"https:\/\/www.promin.it\/#\/schema\/person\/5300bbb9723a95b31f4f19fcccc5fa91\",\"name\":\"Promin\"}]}<\/script>\n<!-- \/ Yoast SEO plugin. -->","yoast_head_json":{"title":"Ch\u0153ur de Moutarde de Promin : Bien-\u00eatre de la Gorge | Promin","description":"Prenez soin de votre voix avec Ch\u0153ur de Moutarde, un compl\u00e9ment pour le bien-\u00eatre vocal et la sant\u00e9 de la gorge.","robots":{"index":"index","follow":"follow","max-snippet":"max-snippet:-1","max-image-preview":"max-image-preview:large","max-video-preview":"max-video-preview:-1"},"canonical":"https:\/\/www.promin.it\/fr\/choeur-de-moutarde-de-promettre-la-ligne-complete-formulee-pour-le-bien-etre-de-la-voix-et-de-la-gorge\/","og_locale":"fr_FR","og_type":"article","og_title":"Ch\u0153ur de Moutarde de Promin : Bien-\u00eatre de la Gorge | Promin","og_description":"Prenez soin de votre voix avec Ch\u0153ur de Moutarde, un compl\u00e9ment pour le bien-\u00eatre vocal et la sant\u00e9 de la gorge.","og_url":"https:\/\/www.promin.it\/fr\/choeur-de-moutarde-de-promettre-la-ligne-complete-formulee-pour-le-bien-etre-de-la-voix-et-de-la-gorge\/","og_site_name":"Promin","article_publisher":"https:\/\/www.facebook.com\/prominmed","article_published_time":"2024-11-21T11:20:38+00:00","article_modified_time":"2024-12-12T15:39:03+00:00","og_image":[{"width":960,"height":719,"url":"https:\/\/www.promin.it\/wp-content\/uploads\/2024\/04\/CORO-ERISIMO-PROMIN.webp","type":"image\/webp"}],"author":"Promin","twitter_card":"summary_large_image","schema":{"@context":"https:\/\/schema.org","@graph":[{"@type":"Article","@id":"https:\/\/www.promin.it\/fr\/choeur-de-moutarde-de-promettre-la-ligne-complete-formulee-pour-le-bien-etre-de-la-voix-et-de-la-gorge\/#article","isPartOf":{"@id":"https:\/\/www.promin.it\/fr\/choeur-de-moutarde-de-promettre-la-ligne-complete-formulee-pour-le-bien-etre-de-la-voix-et-de-la-gorge\/"},"author":{"name":"Promin","@id":"https:\/\/www.promin.it\/#\/schema\/person\/5300bbb9723a95b31f4f19fcccc5fa91"},"headline":"Coro Erisimo de Promin, la ligne compl\u00e8te formul\u00e9e pour le bien-\u00eatre de la voix et de la gorge","datePublished":"2024-11-21T11:20:38+00:00","dateModified":"2024-12-12T15:39:03+00:00","mainEntityOfPage":{"@id":"https:\/\/www.promin.it\/fr\/choeur-de-moutarde-de-promettre-la-ligne-complete-formulee-pour-le-bien-etre-de-la-voix-et-de-la-gorge\/"},"wordCount":368,"publisher":{"@id":"https:\/\/www.promin.it\/#organization"},"image":{"@id":"https:\/\/www.promin.it\/fr\/choeur-de-moutarde-de-promettre-la-ligne-complete-formulee-pour-le-bien-etre-de-la-voix-et-de-la-gorge\/#primaryimage"},"thumbnailUrl":"https:\/\/www.promin.it\/wp-content\/uploads\/2024\/04\/CORO-ERISIMO-PROMIN.webp","articleSection":["Non classifi\u00e9(e)","Points forts"],"inLanguage":"fr-FR"},{"@type":"WebPage","@id":"https:\/\/www.promin.it\/fr\/choeur-de-moutarde-de-promettre-la-ligne-complete-formulee-pour-le-bien-etre-de-la-voix-et-de-la-gorge\/","url":"https:\/\/www.promin.it\/fr\/choeur-de-moutarde-de-promettre-la-ligne-complete-formulee-pour-le-bien-etre-de-la-voix-et-de-la-gorge\/","name":"Ch\u0153ur de Moutarde de Promin : Bien-\u00eatre de la Gorge | Promin","isPartOf":{"@id":"https:\/\/www.promin.it\/#website"},"primaryImageOfPage":{"@id":"https:\/\/www.promin.it\/fr\/choeur-de-moutarde-de-promettre-la-ligne-complete-formulee-pour-le-bien-etre-de-la-voix-et-de-la-gorge\/#primaryimage"},"image":{"@id":"https:\/\/www.promin.it\/fr\/choeur-de-moutarde-de-promettre-la-ligne-complete-formulee-pour-le-bien-etre-de-la-voix-et-de-la-gorge\/#primaryimage"},"thumbnailUrl":"https:\/\/www.promin.it\/wp-content\/uploads\/2024\/04\/CORO-ERISIMO-PROMIN.webp","datePublished":"2024-11-21T11:20:38+00:00","dateModified":"2024-12-12T15:39:03+00:00","description":"Prenez soin de votre voix avec Ch\u0153ur de Moutarde, un compl\u00e9ment pour le bien-\u00eatre vocal et la sant\u00e9 de la gorge.","breadcrumb":{"@id":"https:\/\/www.promin.it\/fr\/choeur-de-moutarde-de-promettre-la-ligne-complete-formulee-pour-le-bien-etre-de-la-voix-et-de-la-gorge\/#breadcrumb"},"inLanguage":"fr-FR","potentialAction":[{"@type":"ReadAction","target":["https:\/\/www.promin.it\/fr\/choeur-de-moutarde-de-promettre-la-ligne-complete-formulee-pour-le-bien-etre-de-la-voix-et-de-la-gorge\/"]}]},{"@type":"ImageObject","inLanguage":"fr-FR","@id":"https:\/\/www.promin.it\/fr\/choeur-de-moutarde-de-promettre-la-ligne-complete-formulee-pour-le-bien-etre-de-la-voix-et-de-la-gorge\/#primaryimage","url":"https:\/\/www.promin.it\/wp-content\/uploads\/2024\/04\/CORO-ERISIMO-PROMIN.webp","contentUrl":"https:\/\/www.promin.it\/wp-content\/uploads\/2024\/04\/CORO-ERISIMO-PROMIN.webp","width":960,"height":719},{"@type":"BreadcrumbList","@id":"https:\/\/www.promin.it\/fr\/choeur-de-moutarde-de-promettre-la-ligne-complete-formulee-pour-le-bien-etre-de-la-voix-et-de-la-gorge\/#breadcrumb","itemListElement":[{"@type":"ListItem","position":1,"name":"Accueil","item":"https:\/\/www.promin.it\/fr\/"},{"@type":"ListItem","position":2,"name":"Coro Erisimo de Promin, la ligne compl\u00e8te formul\u00e9e pour le bien-\u00eatre de la voix et de la gorge"}]},{"@type":"WebSite","@id":"https:\/\/www.promin.it\/#website","url":"https:\/\/www.promin.it\/","name":"Promin","description":"Prodotti Medicina Integrata","publisher":{"@id":"https:\/\/www.promin.it\/#organization"},"potentialAction":[{"@type":"SearchAction","target":{"@type":"EntryPoint","urlTemplate":"https:\/\/www.promin.it\/?s={search_term_string}"},"query-input":{"@type":"PropertyValueSpecification","valueRequired":true,"valueName":"search_term_string"}}],"inLanguage":"fr-FR"},{"@type":"Organization","@id":"https:\/\/www.promin.it\/#organization","name":"Promin Srl","alternateName":"Promin - Prodotti Medicina Integrata","url":"https:\/\/www.promin.it\/","logo":{"@type":"ImageObject","inLanguage":"fr-FR","@id":"https:\/\/www.promin.it\/#\/schema\/logo\/image\/","url":"https:\/\/www.promin.it\/wp-content\/uploads\/2024\/11\/logo-promin-seo.jpg","contentUrl":"https:\/\/www.promin.it\/wp-content\/uploads\/2024\/11\/logo-promin-seo.jpg","width":512,"height":512,"caption":"Promin Srl"},"image":{"@id":"https:\/\/www.promin.it\/#\/schema\/logo\/image\/"},"sameAs":["https:\/\/www.facebook.com\/prominmed","https:\/\/www.instagram.com\/promin_medicina_integrata\/","https:\/\/www.linkedin.com\/company\/promin-prodotti-medicina-integrata\/"]},{"@type":"Person","@id":"https:\/\/www.promin.it\/#\/schema\/person\/5300bbb9723a95b31f4f19fcccc5fa91","name":"Promin"}]}},"jetpack_featured_media_url":"https:\/\/www.promin.it\/wp-content\/uploads\/2024\/04\/CORO-ERISIMO-PROMIN.webp","jetpack_sharing_enabled":true,"jetpack_shortlink":"https:\/\/wp.me\/paiRmh-53o","_links":{"self":[{"href":"https:\/\/www.promin.it\/fr\/wp-json\/wp\/v2\/posts\/19430"}],"collection":[{"href":"https:\/\/www.promin.it\/fr\/wp-json\/wp\/v2\/posts"}],"about":[{"href":"https:\/\/www.promin.it\/fr\/wp-json\/wp\/v2\/types\/post"}],"author":[{"embeddable":true,"href":"https:\/\/www.promin.it\/fr\/wp-json\/wp\/v2\/users\/4"}],"replies":[{"embeddable":true,"href":"https:\/\/www.promin.it\/fr\/wp-json\/wp\/v2\/comments?post=19430"}],"version-history":[{"count":2,"href":"https:\/\/www.promin.it\/fr\/wp-json\/wp\/v2\/posts\/19430\/revisions"}],"predecessor-version":[{"id":20070,"href":"https:\/\/www.promin.it\/fr\/wp-json\/wp\/v2\/posts\/19430\/revisions\/20070"}],"wp:featuredmedia":[{"embeddable":true,"href":"https:\/\/www.promin.it\/fr\/wp-json\/wp\/v2\/media\/20217"}],"wp:attachment":[{"href":"https:\/\/www.promin.it\/fr\/wp-json\/wp\/v2\/media?parent=19430"}],"wp:term":[{"taxonomy":"category","embeddable":true,"href":"https:\/\/www.promin.it\/fr\/wp-json\/wp\/v2\/categories?post=19430"},{"taxonomy":"post_tag","embeddable":true,"href":"https:\/\/www.promin.it\/fr\/wp-json\/wp\/v2\/tags?post=19430"}],"curies":[{"name":"wp","href":"https:\/\/api.w.org\/{rel}","templated":true}]}}