{"id":19432,"date":"2025-10-30T13:01:12","date_gmt":"2025-10-30T12:01:12","guid":{"rendered":"https:\/\/www.promin.it\/?p=19432"},"modified":"2024-12-12T16:37:29","modified_gmt":"2024-12-12T15:37:29","slug":"changements-de-temperature-et-pollinose-les-defenses-immunitaires-sont-attaquees","status":"publish","type":"post","link":"https:\/\/www.promin.it\/fr\/changements-de-temperature-et-pollinose-les-defenses-immunitaires-sont-attaquees\/","title":{"rendered":"Changements de temp\u00e9rature et pollen : le syst\u00e8me immunitaire est attaqu\u00e9"},"content":{"rendered":"<p>Ces derni\u00e8res semaines, les changements de temp\u00e9rature ont favoris\u00e9 la prolif\u00e9ration et la propagation des virus et des bact\u00e9ries. La gorge et les voies respiratoires sup\u00e9rieures sont principalement touch\u00e9es et, si vous ajoutez les probl\u00e8mes d\u2019allergie au pollen, la congestion nasale, les yeux larmoyants, les d\u00e9mangeaisons au palais, \u00ab\u00a0la temp\u00eate parfaite\u00a0\u00bb a servi notre corps.<\/p>\n<p><strong>Pour soutenir le syst\u00e8me immunitaire contre les attaques climatiques et att\u00e9nuer les sympt\u00f4mes li\u00e9s \u00e0 la pollinose, la vitamine C est tr\u00e8s utile, de pr\u00e9f\u00e9rence avec une forte p\u00e9n\u00e9tration cellulaire comme l\u2019ascorbate de magn\u00e9sium.<\/strong><\/p>\n<p><a href=\"https:\/\/www.promin.it\/prodotto\/ascopromin-mg-promozione-quantita\/\"><img decoding=\"async\" class=\"wp-image-10520 alignnone\" src=\"https:\/\/www.promin.it\/wp-content\/uploads\/2018\/04\/ascorbato-di-potassio-2.jpg\" alt=\"\" width=\"382\" height=\"287\" srcset=\"https:\/\/www.promin.it\/wp-content\/uploads\/2018\/04\/ascorbato-di-potassio-2.jpg 800w, https:\/\/www.promin.it\/wp-content\/uploads\/2018\/04\/ascorbato-di-potassio-2-300x225.jpg 300w, https:\/\/www.promin.it\/wp-content\/uploads\/2018\/04\/ascorbato-di-potassio-2-768x576.jpg 768w, https:\/\/www.promin.it\/wp-content\/uploads\/2018\/04\/ascorbato-di-potassio-2-600x450.jpg 600w\" sizes=\"(max-width: 382px) 100vw, 382px\" \/><\/a><\/p>\n<p><a class=\"w-btn us-btn-style_2 usg_btn_1\" href=\"https:\/\/www.promin.it\/prodotto\/ascopromin-mg-promozione-quantita\/\">Aller \u00e0 la fiche produit<\/a><\/p>\n<p>L\u2019ascorbate de magn\u00e9sium sous forme <strong>d\u2019ascopromine mg<\/strong> est une forme de vitamine C tr\u00e8s biodisponible et douce pour l\u2019estomac et les intestins. Gr\u00e2ce \u00e9galement \u00e0 la quantit\u00e9 \u00e9quilibr\u00e9e de magn\u00e9sium pr\u00e9sente, il a une <strong>fonction antiallergique, antihistaminique et anti-inflammatoire<\/strong> importante qui est tr\u00e8s utile pour contr\u00f4ler les r\u00e9actions allergiques et les formes virales et bact\u00e9riennes. L\u2019ascopromine Mg, en sachets thermosoud\u00e9s, a l\u2019avantage d\u2019\u00eatre sans excipients, colorants et \u00e9dulcorants. Pour faciliter la solubilit\u00e9 de l\u2019Ascopromin Mg, nous vous recommandons de verser d\u2019abord le produit, puis d\u2019ajouter progressivement de l\u2019eau, en remplissant le verre \u00e0 moiti\u00e9 et en remuant.<\/p>\n","protected":false},"excerpt":{"rendered":"<p>Ces derni\u00e8res semaines, les changements de temp\u00e9rature ont favoris\u00e9 la prolif\u00e9ration et la propagation des virus et des bact\u00e9ries. La gorge et les voies respiratoires sup\u00e9rieures sont principalement touch\u00e9es et, si vous ajoutez les probl\u00e8mes d\u2019allergie au pollen, la congestion nasale, les yeux larmoyants, les d\u00e9mangeaisons au palais, \u00ab\u00a0la temp\u00eate parfaite\u00a0\u00bb a servi notre corps&#8230;.<\/p>\n","protected":false},"author":4,"featured_media":20271,"comment_status":"closed","ping_status":"closed","sticky":false,"template":"","format":"aside","meta":{"_acf_changed":false,"jetpack_post_was_ever_published":false,"_jetpack_newsletter_access":"","_jetpack_dont_email_post_to_subs":false,"_jetpack_newsletter_tier_id":0,"_jetpack_memberships_contains_paywalled_content":false,"_jetpack_memberships_contains_paid_content":false,"footnotes":"","jetpack_publicize_message":"","jetpack_publicize_feature_enabled":true,"jetpack_social_post_already_shared":true,"jetpack_social_options":{"image_generator_settings":{"template":"highway","enabled":false},"version":2}},"categories":[604],"tags":[812,783,780,786,814,782,784],"class_list":["post-19432","post","type-post","status-publish","format-aside","has-post-thumbnail","hentry","category-non-classifiee","tag-ascopromine-mg","tag-ascorbate-de-magnesium","tag-ascorbates-mineraux","tag-changements-de-temperature","tag-ck-promin-fr","tag-systeme-immunitaire","tag-voix-et-gorge","post_format-post-format-aside"],"jetpack_publicize_connections":[],"acf":[],"yoast_head":"<!-- This site is optimized with the Yoast SEO plugin v23.4 - https:\/\/yoast.com\/wordpress\/plugins\/seo\/ -->\n<title>Changements de Temp\u00e9rature et Pollinose : D\u00e9fenses Immunitaires en Action | Promin<\/title>\n<meta name=\"description\" content=\"Prot\u00e9gez vos d\u00e9fenses immunitaires contre les changements climatiques et la pollinose avec nos solutions naturelles adapt\u00e9es.\" \/>\n<meta name=\"robots\" content=\"index, follow, max-snippet:-1, max-image-preview:large, max-video-preview:-1\" \/>\n<link rel=\"canonical\" href=\"https:\/\/www.promin.it\/fr\/changements-de-temperature-et-pollinose-les-defenses-immunitaires-sont-attaquees\/\" \/>\n<meta property=\"og:locale\" content=\"fr_FR\" \/>\n<meta property=\"og:type\" content=\"article\" \/>\n<meta property=\"og:title\" content=\"Changements de Temp\u00e9rature et Pollinose : D\u00e9fenses Immunitaires en Action | Promin\" \/>\n<meta property=\"og:description\" content=\"Prot\u00e9gez vos d\u00e9fenses immunitaires contre les changements climatiques et la pollinose avec nos solutions naturelles adapt\u00e9es.\" \/>\n<meta property=\"og:url\" content=\"https:\/\/www.promin.it\/fr\/changements-de-temperature-et-pollinose-les-defenses-immunitaires-sont-attaquees\/\" \/>\n<meta property=\"og:site_name\" content=\"Promin\" \/>\n<meta property=\"article:publisher\" content=\"https:\/\/www.facebook.com\/prominmed\" \/>\n<meta property=\"article:published_time\" content=\"2025-10-30T12:01:12+00:00\" \/>\n<meta property=\"article:modified_time\" content=\"2024-12-12T15:37:29+00:00\" \/>\n<meta property=\"og:image\" content=\"https:\/\/www.promin.it\/wp-content\/uploads\/2024\/05\/allergy-18656_1280.webp\" \/>\n\t<meta property=\"og:image:width\" content=\"853\" \/>\n\t<meta property=\"og:image:height\" content=\"1280\" \/>\n\t<meta property=\"og:image:type\" content=\"image\/webp\" \/>\n<meta name=\"author\" content=\"Promin\" \/>\n<meta name=\"twitter:card\" content=\"summary_large_image\" \/>\n<script type=\"application\/ld+json\" class=\"yoast-schema-graph\">{\"@context\":\"https:\/\/schema.org\",\"@graph\":[{\"@type\":\"Article\",\"@id\":\"https:\/\/www.promin.it\/fr\/changements-de-temperature-et-pollinose-les-defenses-immunitaires-sont-attaquees\/#article\",\"isPartOf\":{\"@id\":\"https:\/\/www.promin.it\/fr\/changements-de-temperature-et-pollinose-les-defenses-immunitaires-sont-attaquees\/\"},\"author\":{\"name\":\"Promin\",\"@id\":\"https:\/\/www.promin.it\/#\/schema\/person\/5300bbb9723a95b31f4f19fcccc5fa91\"},\"headline\":\"Changements de temp\u00e9rature et pollen : le syst\u00e8me immunitaire est attaqu\u00e9\",\"datePublished\":\"2025-10-30T12:01:12+00:00\",\"dateModified\":\"2024-12-12T15:37:29+00:00\",\"mainEntityOfPage\":{\"@id\":\"https:\/\/www.promin.it\/fr\/changements-de-temperature-et-pollinose-les-defenses-immunitaires-sont-attaquees\/\"},\"wordCount\":241,\"publisher\":{\"@id\":\"https:\/\/www.promin.it\/#organization\"},\"image\":{\"@id\":\"https:\/\/www.promin.it\/fr\/changements-de-temperature-et-pollinose-les-defenses-immunitaires-sont-attaquees\/#primaryimage\"},\"thumbnailUrl\":\"https:\/\/www.promin.it\/wp-content\/uploads\/2017\/12\/Atuttac-1000.webp\",\"keywords\":[\"Ascopromine Mg\",\"Ascorbate de magn\u00e9sium\",\"Ascorbates min\u00e9raux\",\"Changements de temp\u00e9rature\",\"CK Promin\",\"Syst\u00e8me immunitaire\",\"Voix et gorge\"],\"articleSection\":[\"Non classifi\u00e9(e)\"],\"inLanguage\":\"fr-FR\"},{\"@type\":\"WebPage\",\"@id\":\"https:\/\/www.promin.it\/fr\/changements-de-temperature-et-pollinose-les-defenses-immunitaires-sont-attaquees\/\",\"url\":\"https:\/\/www.promin.it\/fr\/changements-de-temperature-et-pollinose-les-defenses-immunitaires-sont-attaquees\/\",\"name\":\"Changements de Temp\u00e9rature et Pollinose : D\u00e9fenses Immunitaires en Action | Promin\",\"isPartOf\":{\"@id\":\"https:\/\/www.promin.it\/#website\"},\"primaryImageOfPage\":{\"@id\":\"https:\/\/www.promin.it\/fr\/changements-de-temperature-et-pollinose-les-defenses-immunitaires-sont-attaquees\/#primaryimage\"},\"image\":{\"@id\":\"https:\/\/www.promin.it\/fr\/changements-de-temperature-et-pollinose-les-defenses-immunitaires-sont-attaquees\/#primaryimage\"},\"thumbnailUrl\":\"https:\/\/www.promin.it\/wp-content\/uploads\/2017\/12\/Atuttac-1000.webp\",\"datePublished\":\"2025-10-30T12:01:12+00:00\",\"dateModified\":\"2024-12-12T15:37:29+00:00\",\"description\":\"Prot\u00e9gez vos d\u00e9fenses immunitaires contre les changements climatiques et la pollinose avec nos solutions naturelles adapt\u00e9es.\",\"breadcrumb\":{\"@id\":\"https:\/\/www.promin.it\/fr\/changements-de-temperature-et-pollinose-les-defenses-immunitaires-sont-attaquees\/#breadcrumb\"},\"inLanguage\":\"fr-FR\",\"potentialAction\":[{\"@type\":\"ReadAction\",\"target\":[\"https:\/\/www.promin.it\/fr\/changements-de-temperature-et-pollinose-les-defenses-immunitaires-sont-attaquees\/\"]}]},{\"@type\":\"ImageObject\",\"inLanguage\":\"fr-FR\",\"@id\":\"https:\/\/www.promin.it\/fr\/changements-de-temperature-et-pollinose-les-defenses-immunitaires-sont-attaquees\/#primaryimage\",\"url\":\"https:\/\/www.promin.it\/wp-content\/uploads\/2017\/12\/Atuttac-1000.webp\",\"contentUrl\":\"https:\/\/www.promin.it\/wp-content\/uploads\/2017\/12\/Atuttac-1000.webp\",\"width\":1000,\"height\":606},{\"@type\":\"BreadcrumbList\",\"@id\":\"https:\/\/www.promin.it\/fr\/changements-de-temperature-et-pollinose-les-defenses-immunitaires-sont-attaquees\/#breadcrumb\",\"itemListElement\":[{\"@type\":\"ListItem\",\"position\":1,\"name\":\"Accueil\",\"item\":\"https:\/\/www.promin.it\/fr\/\"},{\"@type\":\"ListItem\",\"position\":2,\"name\":\"Changements de temp\u00e9rature et pollen : le syst\u00e8me immunitaire est attaqu\u00e9\"}]},{\"@type\":\"WebSite\",\"@id\":\"https:\/\/www.promin.it\/#website\",\"url\":\"https:\/\/www.promin.it\/\",\"name\":\"Promin\",\"description\":\"Prodotti Medicina Integrata\",\"publisher\":{\"@id\":\"https:\/\/www.promin.it\/#organization\"},\"potentialAction\":[{\"@type\":\"SearchAction\",\"target\":{\"@type\":\"EntryPoint\",\"urlTemplate\":\"https:\/\/www.promin.it\/?s={search_term_string}\"},\"query-input\":{\"@type\":\"PropertyValueSpecification\",\"valueRequired\":true,\"valueName\":\"search_term_string\"}}],\"inLanguage\":\"fr-FR\"},{\"@type\":\"Organization\",\"@id\":\"https:\/\/www.promin.it\/#organization\",\"name\":\"Promin Srl\",\"alternateName\":\"Promin - Prodotti Medicina Integrata\",\"url\":\"https:\/\/www.promin.it\/\",\"logo\":{\"@type\":\"ImageObject\",\"inLanguage\":\"fr-FR\",\"@id\":\"https:\/\/www.promin.it\/#\/schema\/logo\/image\/\",\"url\":\"https:\/\/www.promin.it\/wp-content\/uploads\/2024\/11\/logo-promin-seo.jpg\",\"contentUrl\":\"https:\/\/www.promin.it\/wp-content\/uploads\/2024\/11\/logo-promin-seo.jpg\",\"width\":512,\"height\":512,\"caption\":\"Promin Srl\"},\"image\":{\"@id\":\"https:\/\/www.promin.it\/#\/schema\/logo\/image\/\"},\"sameAs\":[\"https:\/\/www.facebook.com\/prominmed\",\"https:\/\/www.instagram.com\/promin_medicina_integrata\/\",\"https:\/\/www.linkedin.com\/company\/promin-prodotti-medicina-integrata\/\"]},{\"@type\":\"Person\",\"@id\":\"https:\/\/www.promin.it\/#\/schema\/person\/5300bbb9723a95b31f4f19fcccc5fa91\",\"name\":\"Promin\"}]}<\/script>\n<!-- \/ Yoast SEO plugin. -->","yoast_head_json":{"title":"Changements de Temp\u00e9rature et Pollinose : D\u00e9fenses Immunitaires en Action | Promin","description":"Prot\u00e9gez vos d\u00e9fenses immunitaires contre les changements climatiques et la pollinose avec nos solutions naturelles adapt\u00e9es.","robots":{"index":"index","follow":"follow","max-snippet":"max-snippet:-1","max-image-preview":"max-image-preview:large","max-video-preview":"max-video-preview:-1"},"canonical":"https:\/\/www.promin.it\/fr\/changements-de-temperature-et-pollinose-les-defenses-immunitaires-sont-attaquees\/","og_locale":"fr_FR","og_type":"article","og_title":"Changements de Temp\u00e9rature et Pollinose : D\u00e9fenses Immunitaires en Action | Promin","og_description":"Prot\u00e9gez vos d\u00e9fenses immunitaires contre les changements climatiques et la pollinose avec nos solutions naturelles adapt\u00e9es.","og_url":"https:\/\/www.promin.it\/fr\/changements-de-temperature-et-pollinose-les-defenses-immunitaires-sont-attaquees\/","og_site_name":"Promin","article_publisher":"https:\/\/www.facebook.com\/prominmed","article_published_time":"2025-10-30T12:01:12+00:00","article_modified_time":"2024-12-12T15:37:29+00:00","og_image":[{"width":853,"height":1280,"url":"https:\/\/www.promin.it\/wp-content\/uploads\/2024\/05\/allergy-18656_1280.webp","type":"image\/webp"}],"author":"Promin","twitter_card":"summary_large_image","schema":{"@context":"https:\/\/schema.org","@graph":[{"@type":"Article","@id":"https:\/\/www.promin.it\/fr\/changements-de-temperature-et-pollinose-les-defenses-immunitaires-sont-attaquees\/#article","isPartOf":{"@id":"https:\/\/www.promin.it\/fr\/changements-de-temperature-et-pollinose-les-defenses-immunitaires-sont-attaquees\/"},"author":{"name":"Promin","@id":"https:\/\/www.promin.it\/#\/schema\/person\/5300bbb9723a95b31f4f19fcccc5fa91"},"headline":"Changements de temp\u00e9rature et pollen : le syst\u00e8me immunitaire est attaqu\u00e9","datePublished":"2025-10-30T12:01:12+00:00","dateModified":"2024-12-12T15:37:29+00:00","mainEntityOfPage":{"@id":"https:\/\/www.promin.it\/fr\/changements-de-temperature-et-pollinose-les-defenses-immunitaires-sont-attaquees\/"},"wordCount":241,"publisher":{"@id":"https:\/\/www.promin.it\/#organization"},"image":{"@id":"https:\/\/www.promin.it\/fr\/changements-de-temperature-et-pollinose-les-defenses-immunitaires-sont-attaquees\/#primaryimage"},"thumbnailUrl":"https:\/\/www.promin.it\/wp-content\/uploads\/2017\/12\/Atuttac-1000.webp","keywords":["Ascopromine Mg","Ascorbate de magn\u00e9sium","Ascorbates min\u00e9raux","Changements de temp\u00e9rature","CK Promin","Syst\u00e8me immunitaire","Voix et gorge"],"articleSection":["Non classifi\u00e9(e)"],"inLanguage":"fr-FR"},{"@type":"WebPage","@id":"https:\/\/www.promin.it\/fr\/changements-de-temperature-et-pollinose-les-defenses-immunitaires-sont-attaquees\/","url":"https:\/\/www.promin.it\/fr\/changements-de-temperature-et-pollinose-les-defenses-immunitaires-sont-attaquees\/","name":"Changements de Temp\u00e9rature et Pollinose : D\u00e9fenses Immunitaires en Action | Promin","isPartOf":{"@id":"https:\/\/www.promin.it\/#website"},"primaryImageOfPage":{"@id":"https:\/\/www.promin.it\/fr\/changements-de-temperature-et-pollinose-les-defenses-immunitaires-sont-attaquees\/#primaryimage"},"image":{"@id":"https:\/\/www.promin.it\/fr\/changements-de-temperature-et-pollinose-les-defenses-immunitaires-sont-attaquees\/#primaryimage"},"thumbnailUrl":"https:\/\/www.promin.it\/wp-content\/uploads\/2017\/12\/Atuttac-1000.webp","datePublished":"2025-10-30T12:01:12+00:00","dateModified":"2024-12-12T15:37:29+00:00","description":"Prot\u00e9gez vos d\u00e9fenses immunitaires contre les changements climatiques et la pollinose avec nos solutions naturelles adapt\u00e9es.","breadcrumb":{"@id":"https:\/\/www.promin.it\/fr\/changements-de-temperature-et-pollinose-les-defenses-immunitaires-sont-attaquees\/#breadcrumb"},"inLanguage":"fr-FR","potentialAction":[{"@type":"ReadAction","target":["https:\/\/www.promin.it\/fr\/changements-de-temperature-et-pollinose-les-defenses-immunitaires-sont-attaquees\/"]}]},{"@type":"ImageObject","inLanguage":"fr-FR","@id":"https:\/\/www.promin.it\/fr\/changements-de-temperature-et-pollinose-les-defenses-immunitaires-sont-attaquees\/#primaryimage","url":"https:\/\/www.promin.it\/wp-content\/uploads\/2017\/12\/Atuttac-1000.webp","contentUrl":"https:\/\/www.promin.it\/wp-content\/uploads\/2017\/12\/Atuttac-1000.webp","width":1000,"height":606},{"@type":"BreadcrumbList","@id":"https:\/\/www.promin.it\/fr\/changements-de-temperature-et-pollinose-les-defenses-immunitaires-sont-attaquees\/#breadcrumb","itemListElement":[{"@type":"ListItem","position":1,"name":"Accueil","item":"https:\/\/www.promin.it\/fr\/"},{"@type":"ListItem","position":2,"name":"Changements de temp\u00e9rature et pollen : le syst\u00e8me immunitaire est attaqu\u00e9"}]},{"@type":"WebSite","@id":"https:\/\/www.promin.it\/#website","url":"https:\/\/www.promin.it\/","name":"Promin","description":"Prodotti Medicina Integrata","publisher":{"@id":"https:\/\/www.promin.it\/#organization"},"potentialAction":[{"@type":"SearchAction","target":{"@type":"EntryPoint","urlTemplate":"https:\/\/www.promin.it\/?s={search_term_string}"},"query-input":{"@type":"PropertyValueSpecification","valueRequired":true,"valueName":"search_term_string"}}],"inLanguage":"fr-FR"},{"@type":"Organization","@id":"https:\/\/www.promin.it\/#organization","name":"Promin Srl","alternateName":"Promin - Prodotti Medicina Integrata","url":"https:\/\/www.promin.it\/","logo":{"@type":"ImageObject","inLanguage":"fr-FR","@id":"https:\/\/www.promin.it\/#\/schema\/logo\/image\/","url":"https:\/\/www.promin.it\/wp-content\/uploads\/2024\/11\/logo-promin-seo.jpg","contentUrl":"https:\/\/www.promin.it\/wp-content\/uploads\/2024\/11\/logo-promin-seo.jpg","width":512,"height":512,"caption":"Promin Srl"},"image":{"@id":"https:\/\/www.promin.it\/#\/schema\/logo\/image\/"},"sameAs":["https:\/\/www.facebook.com\/prominmed","https:\/\/www.instagram.com\/promin_medicina_integrata\/","https:\/\/www.linkedin.com\/company\/promin-prodotti-medicina-integrata\/"]},{"@type":"Person","@id":"https:\/\/www.promin.it\/#\/schema\/person\/5300bbb9723a95b31f4f19fcccc5fa91","name":"Promin"}]}},"jetpack_featured_media_url":"https:\/\/www.promin.it\/wp-content\/uploads\/2017\/12\/Atuttac-1000.webp","jetpack_sharing_enabled":true,"jetpack_shortlink":"https:\/\/wp.me\/paiRmh-53q","_links":{"self":[{"href":"https:\/\/www.promin.it\/fr\/wp-json\/wp\/v2\/posts\/19432"}],"collection":[{"href":"https:\/\/www.promin.it\/fr\/wp-json\/wp\/v2\/posts"}],"about":[{"href":"https:\/\/www.promin.it\/fr\/wp-json\/wp\/v2\/types\/post"}],"author":[{"embeddable":true,"href":"https:\/\/www.promin.it\/fr\/wp-json\/wp\/v2\/users\/4"}],"replies":[{"embeddable":true,"href":"https:\/\/www.promin.it\/fr\/wp-json\/wp\/v2\/comments?post=19432"}],"version-history":[{"count":2,"href":"https:\/\/www.promin.it\/fr\/wp-json\/wp\/v2\/posts\/19432\/revisions"}],"predecessor-version":[{"id":20446,"href":"https:\/\/www.promin.it\/fr\/wp-json\/wp\/v2\/posts\/19432\/revisions\/20446"}],"wp:featuredmedia":[{"embeddable":true,"href":"https:\/\/www.promin.it\/fr\/wp-json\/wp\/v2\/media\/20271"}],"wp:attachment":[{"href":"https:\/\/www.promin.it\/fr\/wp-json\/wp\/v2\/media?parent=19432"}],"wp:term":[{"taxonomy":"category","embeddable":true,"href":"https:\/\/www.promin.it\/fr\/wp-json\/wp\/v2\/categories?post=19432"},{"taxonomy":"post_tag","embeddable":true,"href":"https:\/\/www.promin.it\/fr\/wp-json\/wp\/v2\/tags?post=19432"}],"curies":[{"name":"wp","href":"https:\/\/api.w.org\/{rel}","templated":true}]}}