{"id":19439,"date":"2024-09-01T12:48:36","date_gmt":"2024-09-01T10:48:36","guid":{"rendered":"https:\/\/www.promin.it\/?p=19439"},"modified":"2024-11-12T14:08:37","modified_gmt":"2024-11-12T13:08:37","slug":"virus-de-la-grippe-et-le-rhume-maladie","status":"publish","type":"post","link":"https:\/\/www.promin.it\/fr\/virus-de-la-grippe-et-le-rhume-maladie\/","title":{"rendered":"Virus de la grippe et rhume"},"content":{"rendered":"<h3>Pour une protection naturelle, la vitamine C et les herbes m\u00e9dicinales adapt\u00e9es \u00e0 l\u2019hiver sont en pole position.<\/h3>\n<p>C\u2019est toujours la protection de base, recommand\u00e9e pour sa fonction antioxydante et pour son action de stimulation du syst\u00e8me immunitaire. La vitamine C est adapt\u00e9e pour nous prot\u00e9ger des infections virales, des bact\u00e9ries, des substances toxiques, du tabagisme et de la pollution, mais aussi des grandes maladies d\u00e9g\u00e9n\u00e9ratives et du vieillissement pr\u00e9matur\u00e9. Parmi les nombreuses formes de vitamine C sur le march\u00e9, les ascorbates min\u00e9raux ont une forte p\u00e9n\u00e9tration cellulaire, fournissent, en plus de l\u2019acide ascorbique, une part min\u00e9rale biologiquement active et sont \u00e9galement bien tol\u00e9r\u00e9s par les estomacs et les intestins d\u00e9licats.<\/p>\n<h3>Ascorbate de potassium<\/h3>\n<p><strong>Ch Promin est de<\/strong> l\u2019ascorbate de potassium, un puissant antioxydant qui contrecarre l\u2019action n\u00e9faste des radicaux libres, favorise les d\u00e9fenses naturelles de l\u2019organisme et aide \u00e0 maintenir le syst\u00e8me immunitaire alerte. Ses composants, la vitamine C et le potassium sans excipients, ar\u00f4mes ou conservateurs, sont contenus dans l\u2019emballage dans des sachets s\u00e9par\u00e9s et thermoscell\u00e9s et sont solubilis\u00e9s dans un peu d\u2019eau au moment de la prise pour pr\u00e9server son int\u00e9grit\u00e9 et son efficacit\u00e9. <strong>CK Promin<\/strong> est un adjuvant pr\u00e9cieux non seulement lorsque l\u2019hiver devient plus agressif, mais aussi \u00e0 tout moment lorsque vous \u00eates plus faible et expos\u00e9 aux infections, au stress, \u00e0 la pollution, au tabagisme, aux allerg\u00e8nes, aux traitements prolong\u00e9s avec des m\u00e9dicaments, \u00e0 la convalescence. Sa suppl\u00e9mentation favorise le bon trophisme des os et des articulations.<\/p>\n<p><img decoding=\"async\" class=\"alignnone size-medium wp-image-16078\" src=\"https:\/\/www.promin.it\/wp-content\/uploads\/2022\/07\/CK-PROMIN-AC-ASCORBBICARB-200-300x218.jpg\" alt=\"\" width=\"300\" height=\"218\" srcset=\"https:\/\/www.promin.it\/wp-content\/uploads\/2022\/07\/CK-PROMIN-AC-ASCORBBICARB-200-300x218.jpg 300w, https:\/\/www.promin.it\/wp-content\/uploads\/2022\/07\/CK-PROMIN-AC-ASCORBBICARB-200-1024x744.jpg 1024w, https:\/\/www.promin.it\/wp-content\/uploads\/2022\/07\/CK-PROMIN-AC-ASCORBBICARB-200-768x558.jpg 768w, https:\/\/www.promin.it\/wp-content\/uploads\/2022\/07\/CK-PROMIN-AC-ASCORBBICARB-200-600x436.jpg 600w, https:\/\/www.promin.it\/wp-content\/uploads\/2022\/07\/CK-PROMIN-AC-ASCORBBICARB-200.jpg 1063w\" sizes=\"(max-width: 300px) 100vw, 300px\" \/><\/p>\n<p><a class=\"w-btn us-btn-style_2 usg_btn_1\" href=\"https:\/\/www.promin.it\/fr\/?post_type=product&amp;p=19361\">Id\u00e9es<\/a><\/p>\n<h3><strong>Supports phytoth\u00e9rapeutiques adapt\u00e9s \u00e0 l\u2019hiver<\/strong><\/h3>\n<p>L\u2019utilisation de certains rem\u00e8des \u00e0 base de plantes peut aider \u00e0 arr\u00eater les rhumes et les affections saisonni\u00e8res dans l\u2019\u0153uf et \u00e0 r\u00e9duire les sympt\u00f4mes et les complications des bronches et des poumons. Comme la vitamine C, ces supports naturels sont recommand\u00e9s pour tout le monde, m\u00eame ceux qui ont subi la vaccination classique, car ils constituent une d\u00e9fense suppl\u00e9mentaire possible contre les maux saisonniers. <strong>L\u2019huile essentielle de Melaleuca<\/strong>, par exemple, est un excellent antimicrobien aux fonctions antivirales, antibact\u00e9riennes et antifongiques. D\u00e8s les premiers sympt\u00f4mes d\u2019un rhume ou \u00e0 titre pr\u00e9ventif, 2 ou 3 gouttes par jour ont des effets tr\u00e8s positifs sur le contr\u00f4le des sympt\u00f4mes, mais aussi de l\u2019infection. Sa saveur forte peut \u00eatre att\u00e9nu\u00e9e en le prenant avec une pinc\u00e9e de sucre, ou mieux encore en utilisant certains sprays commerciaux, o\u00f9 on le trouve g\u00e9n\u00e9ralement associ\u00e9 \u00e0 des extraits d\u2019herbe synergiques qui amplifient son efficacit\u00e9 et att\u00e9nuent sa saveur.<\/p>\n","protected":false},"excerpt":{"rendered":"<p>Pour une protection naturelle, la vitamine C et les herbes m\u00e9dicinales adapt\u00e9es \u00e0 l\u2019hiver sont en pole position. C\u2019est toujours la protection de base, recommand\u00e9e pour sa fonction antioxydante et pour son action de stimulation du syst\u00e8me immunitaire. La vitamine C est adapt\u00e9e pour nous prot\u00e9ger des infections virales, des bact\u00e9ries, des substances toxiques, du&#8230;<\/p>\n","protected":false},"author":4,"featured_media":20219,"comment_status":"closed","ping_status":"closed","sticky":false,"template":"","format":"aside","meta":{"_acf_changed":false,"jetpack_post_was_ever_published":false,"_jetpack_newsletter_access":"","_jetpack_dont_email_post_to_subs":false,"_jetpack_newsletter_tier_id":0,"_jetpack_memberships_contains_paywalled_content":false,"_jetpack_memberships_contains_paid_content":false,"footnotes":"","jetpack_publicize_message":"","jetpack_publicize_feature_enabled":true,"jetpack_social_post_already_shared":true,"jetpack_social_options":{"image_generator_settings":{"template":"highway","enabled":false},"version":2}},"categories":[604,882],"tags":[780,813,785,814,817,815,816],"class_list":["post-19439","post","type-post","status-publish","format-aside","has-post-thumbnail","hentry","category-non-classifiee","category-points-forts","tag-ascorbates-mineraux","tag-chorus-hedge-spray-moutarde","tag-chorus-line-moutarde-des-haies","tag-ck-promin-fr","tag-ligne-ascorbate","tag-moutarde-des-haies","tag-protection-hivernale","post_format-post-format-aside"],"jetpack_publicize_connections":[],"acf":[],"yoast_head":"<!-- This site is optimized with the Yoast SEO plugin v23.4 - https:\/\/yoast.com\/wordpress\/plugins\/seo\/ -->\n<title>Virus de la grippe et rhume - Promin<\/title>\n<meta name=\"robots\" content=\"index, follow, max-snippet:-1, max-image-preview:large, max-video-preview:-1\" \/>\n<link rel=\"canonical\" href=\"https:\/\/www.promin.it\/fr\/virus-de-la-grippe-et-le-rhume-maladie\/\" \/>\n<meta property=\"og:locale\" content=\"fr_FR\" \/>\n<meta property=\"og:type\" content=\"article\" \/>\n<meta property=\"og:title\" content=\"Virus de la grippe et rhume - Promin\" \/>\n<meta property=\"og:description\" content=\"Pour une protection naturelle, la vitamine C et les herbes m\u00e9dicinales adapt\u00e9es \u00e0 l\u2019hiver sont en pole position. C\u2019est toujours la protection de base, recommand\u00e9e pour sa fonction antioxydante et pour son action de stimulation du syst\u00e8me immunitaire. La vitamine C est adapt\u00e9e pour nous prot\u00e9ger des infections virales, des bact\u00e9ries, des substances toxiques, du...\" \/>\n<meta property=\"og:url\" content=\"https:\/\/www.promin.it\/fr\/virus-de-la-grippe-et-le-rhume-maladie\/\" \/>\n<meta property=\"og:site_name\" content=\"Promin\" \/>\n<meta property=\"article:publisher\" content=\"https:\/\/www.facebook.com\/prominmed\" \/>\n<meta property=\"article:published_time\" content=\"2024-09-01T10:48:36+00:00\" \/>\n<meta property=\"article:modified_time\" content=\"2024-11-12T13:08:37+00:00\" \/>\n<meta property=\"og:image\" content=\"https:\/\/www.promin.it\/wp-content\/uploads\/2024\/05\/allergy-18656_1280.webp\" \/>\n\t<meta property=\"og:image:width\" content=\"853\" \/>\n\t<meta property=\"og:image:height\" content=\"1280\" \/>\n\t<meta property=\"og:image:type\" content=\"image\/webp\" \/>\n<meta name=\"author\" content=\"Promin\" \/>\n<meta name=\"twitter:card\" content=\"summary_large_image\" \/>\n<script type=\"application\/ld+json\" class=\"yoast-schema-graph\">{\"@context\":\"https:\/\/schema.org\",\"@graph\":[{\"@type\":\"Article\",\"@id\":\"https:\/\/www.promin.it\/fr\/virus-de-la-grippe-et-le-rhume-maladie\/#article\",\"isPartOf\":{\"@id\":\"https:\/\/www.promin.it\/fr\/virus-de-la-grippe-et-le-rhume-maladie\/\"},\"author\":{\"name\":\"Promin\",\"@id\":\"https:\/\/www.promin.it\/#\/schema\/person\/5300bbb9723a95b31f4f19fcccc5fa91\"},\"headline\":\"Virus de la grippe et rhume\",\"datePublished\":\"2024-09-01T10:48:36+00:00\",\"dateModified\":\"2024-11-12T13:08:37+00:00\",\"mainEntityOfPage\":{\"@id\":\"https:\/\/www.promin.it\/fr\/virus-de-la-grippe-et-le-rhume-maladie\/\"},\"wordCount\":468,\"publisher\":{\"@id\":\"https:\/\/www.promin.it\/#organization\"},\"image\":{\"@id\":\"https:\/\/www.promin.it\/fr\/virus-de-la-grippe-et-le-rhume-maladie\/#primaryimage\"},\"thumbnailUrl\":\"https:\/\/www.promin.it\/wp-content\/uploads\/2024\/05\/allergy-18656_1280.webp\",\"keywords\":[\"Ascorbates min\u00e9raux\",\"Chorus Hedge Spray Moutarde\",\"Chorus Line Moutarde des haies\",\"CK Promin\",\"Ligne Ascorbate\",\"Moutarde des haies\",\"Protection hivernale\"],\"articleSection\":[\"Non classifi\u00e9(e)\",\"Points forts\"],\"inLanguage\":\"fr-FR\"},{\"@type\":\"WebPage\",\"@id\":\"https:\/\/www.promin.it\/fr\/virus-de-la-grippe-et-le-rhume-maladie\/\",\"url\":\"https:\/\/www.promin.it\/fr\/virus-de-la-grippe-et-le-rhume-maladie\/\",\"name\":\"Virus de la grippe et rhume - Promin\",\"isPartOf\":{\"@id\":\"https:\/\/www.promin.it\/#website\"},\"primaryImageOfPage\":{\"@id\":\"https:\/\/www.promin.it\/fr\/virus-de-la-grippe-et-le-rhume-maladie\/#primaryimage\"},\"image\":{\"@id\":\"https:\/\/www.promin.it\/fr\/virus-de-la-grippe-et-le-rhume-maladie\/#primaryimage\"},\"thumbnailUrl\":\"https:\/\/www.promin.it\/wp-content\/uploads\/2024\/05\/allergy-18656_1280.webp\",\"datePublished\":\"2024-09-01T10:48:36+00:00\",\"dateModified\":\"2024-11-12T13:08:37+00:00\",\"breadcrumb\":{\"@id\":\"https:\/\/www.promin.it\/fr\/virus-de-la-grippe-et-le-rhume-maladie\/#breadcrumb\"},\"inLanguage\":\"fr-FR\",\"potentialAction\":[{\"@type\":\"ReadAction\",\"target\":[\"https:\/\/www.promin.it\/fr\/virus-de-la-grippe-et-le-rhume-maladie\/\"]}]},{\"@type\":\"ImageObject\",\"inLanguage\":\"fr-FR\",\"@id\":\"https:\/\/www.promin.it\/fr\/virus-de-la-grippe-et-le-rhume-maladie\/#primaryimage\",\"url\":\"https:\/\/www.promin.it\/wp-content\/uploads\/2024\/05\/allergy-18656_1280.webp\",\"contentUrl\":\"https:\/\/www.promin.it\/wp-content\/uploads\/2024\/05\/allergy-18656_1280.webp\",\"width\":853,\"height\":1280},{\"@type\":\"BreadcrumbList\",\"@id\":\"https:\/\/www.promin.it\/fr\/virus-de-la-grippe-et-le-rhume-maladie\/#breadcrumb\",\"itemListElement\":[{\"@type\":\"ListItem\",\"position\":1,\"name\":\"Accueil\",\"item\":\"https:\/\/www.promin.it\/fr\/\"},{\"@type\":\"ListItem\",\"position\":2,\"name\":\"Virus de la grippe et rhume\"}]},{\"@type\":\"WebSite\",\"@id\":\"https:\/\/www.promin.it\/#website\",\"url\":\"https:\/\/www.promin.it\/\",\"name\":\"Promin\",\"description\":\"Prodotti Medicina Integrata\",\"publisher\":{\"@id\":\"https:\/\/www.promin.it\/#organization\"},\"potentialAction\":[{\"@type\":\"SearchAction\",\"target\":{\"@type\":\"EntryPoint\",\"urlTemplate\":\"https:\/\/www.promin.it\/?s={search_term_string}\"},\"query-input\":{\"@type\":\"PropertyValueSpecification\",\"valueRequired\":true,\"valueName\":\"search_term_string\"}}],\"inLanguage\":\"fr-FR\"},{\"@type\":\"Organization\",\"@id\":\"https:\/\/www.promin.it\/#organization\",\"name\":\"Promin Srl\",\"alternateName\":\"Promin - Prodotti Medicina Integrata\",\"url\":\"https:\/\/www.promin.it\/\",\"logo\":{\"@type\":\"ImageObject\",\"inLanguage\":\"fr-FR\",\"@id\":\"https:\/\/www.promin.it\/#\/schema\/logo\/image\/\",\"url\":\"https:\/\/www.promin.it\/wp-content\/uploads\/2024\/11\/logo-promin-seo.jpg\",\"contentUrl\":\"https:\/\/www.promin.it\/wp-content\/uploads\/2024\/11\/logo-promin-seo.jpg\",\"width\":512,\"height\":512,\"caption\":\"Promin Srl\"},\"image\":{\"@id\":\"https:\/\/www.promin.it\/#\/schema\/logo\/image\/\"},\"sameAs\":[\"https:\/\/www.facebook.com\/prominmed\",\"https:\/\/www.instagram.com\/promin_medicina_integrata\/\",\"https:\/\/www.linkedin.com\/company\/promin-prodotti-medicina-integrata\/\"]},{\"@type\":\"Person\",\"@id\":\"https:\/\/www.promin.it\/#\/schema\/person\/5300bbb9723a95b31f4f19fcccc5fa91\",\"name\":\"Promin\"}]}<\/script>\n<!-- \/ Yoast SEO plugin. -->","yoast_head_json":{"title":"Virus de la grippe et rhume - Promin","robots":{"index":"index","follow":"follow","max-snippet":"max-snippet:-1","max-image-preview":"max-image-preview:large","max-video-preview":"max-video-preview:-1"},"canonical":"https:\/\/www.promin.it\/fr\/virus-de-la-grippe-et-le-rhume-maladie\/","og_locale":"fr_FR","og_type":"article","og_title":"Virus de la grippe et rhume - Promin","og_description":"Pour une protection naturelle, la vitamine C et les herbes m\u00e9dicinales adapt\u00e9es \u00e0 l\u2019hiver sont en pole position. C\u2019est toujours la protection de base, recommand\u00e9e pour sa fonction antioxydante et pour son action de stimulation du syst\u00e8me immunitaire. La vitamine C est adapt\u00e9e pour nous prot\u00e9ger des infections virales, des bact\u00e9ries, des substances toxiques, du...","og_url":"https:\/\/www.promin.it\/fr\/virus-de-la-grippe-et-le-rhume-maladie\/","og_site_name":"Promin","article_publisher":"https:\/\/www.facebook.com\/prominmed","article_published_time":"2024-09-01T10:48:36+00:00","article_modified_time":"2024-11-12T13:08:37+00:00","og_image":[{"width":853,"height":1280,"url":"https:\/\/www.promin.it\/wp-content\/uploads\/2024\/05\/allergy-18656_1280.webp","type":"image\/webp"}],"author":"Promin","twitter_card":"summary_large_image","schema":{"@context":"https:\/\/schema.org","@graph":[{"@type":"Article","@id":"https:\/\/www.promin.it\/fr\/virus-de-la-grippe-et-le-rhume-maladie\/#article","isPartOf":{"@id":"https:\/\/www.promin.it\/fr\/virus-de-la-grippe-et-le-rhume-maladie\/"},"author":{"name":"Promin","@id":"https:\/\/www.promin.it\/#\/schema\/person\/5300bbb9723a95b31f4f19fcccc5fa91"},"headline":"Virus de la grippe et rhume","datePublished":"2024-09-01T10:48:36+00:00","dateModified":"2024-11-12T13:08:37+00:00","mainEntityOfPage":{"@id":"https:\/\/www.promin.it\/fr\/virus-de-la-grippe-et-le-rhume-maladie\/"},"wordCount":468,"publisher":{"@id":"https:\/\/www.promin.it\/#organization"},"image":{"@id":"https:\/\/www.promin.it\/fr\/virus-de-la-grippe-et-le-rhume-maladie\/#primaryimage"},"thumbnailUrl":"https:\/\/www.promin.it\/wp-content\/uploads\/2024\/05\/allergy-18656_1280.webp","keywords":["Ascorbates min\u00e9raux","Chorus Hedge Spray Moutarde","Chorus Line Moutarde des haies","CK Promin","Ligne Ascorbate","Moutarde des haies","Protection hivernale"],"articleSection":["Non classifi\u00e9(e)","Points forts"],"inLanguage":"fr-FR"},{"@type":"WebPage","@id":"https:\/\/www.promin.it\/fr\/virus-de-la-grippe-et-le-rhume-maladie\/","url":"https:\/\/www.promin.it\/fr\/virus-de-la-grippe-et-le-rhume-maladie\/","name":"Virus de la grippe et rhume - Promin","isPartOf":{"@id":"https:\/\/www.promin.it\/#website"},"primaryImageOfPage":{"@id":"https:\/\/www.promin.it\/fr\/virus-de-la-grippe-et-le-rhume-maladie\/#primaryimage"},"image":{"@id":"https:\/\/www.promin.it\/fr\/virus-de-la-grippe-et-le-rhume-maladie\/#primaryimage"},"thumbnailUrl":"https:\/\/www.promin.it\/wp-content\/uploads\/2024\/05\/allergy-18656_1280.webp","datePublished":"2024-09-01T10:48:36+00:00","dateModified":"2024-11-12T13:08:37+00:00","breadcrumb":{"@id":"https:\/\/www.promin.it\/fr\/virus-de-la-grippe-et-le-rhume-maladie\/#breadcrumb"},"inLanguage":"fr-FR","potentialAction":[{"@type":"ReadAction","target":["https:\/\/www.promin.it\/fr\/virus-de-la-grippe-et-le-rhume-maladie\/"]}]},{"@type":"ImageObject","inLanguage":"fr-FR","@id":"https:\/\/www.promin.it\/fr\/virus-de-la-grippe-et-le-rhume-maladie\/#primaryimage","url":"https:\/\/www.promin.it\/wp-content\/uploads\/2024\/05\/allergy-18656_1280.webp","contentUrl":"https:\/\/www.promin.it\/wp-content\/uploads\/2024\/05\/allergy-18656_1280.webp","width":853,"height":1280},{"@type":"BreadcrumbList","@id":"https:\/\/www.promin.it\/fr\/virus-de-la-grippe-et-le-rhume-maladie\/#breadcrumb","itemListElement":[{"@type":"ListItem","position":1,"name":"Accueil","item":"https:\/\/www.promin.it\/fr\/"},{"@type":"ListItem","position":2,"name":"Virus de la grippe et rhume"}]},{"@type":"WebSite","@id":"https:\/\/www.promin.it\/#website","url":"https:\/\/www.promin.it\/","name":"Promin","description":"Prodotti Medicina Integrata","publisher":{"@id":"https:\/\/www.promin.it\/#organization"},"potentialAction":[{"@type":"SearchAction","target":{"@type":"EntryPoint","urlTemplate":"https:\/\/www.promin.it\/?s={search_term_string}"},"query-input":{"@type":"PropertyValueSpecification","valueRequired":true,"valueName":"search_term_string"}}],"inLanguage":"fr-FR"},{"@type":"Organization","@id":"https:\/\/www.promin.it\/#organization","name":"Promin Srl","alternateName":"Promin - Prodotti Medicina Integrata","url":"https:\/\/www.promin.it\/","logo":{"@type":"ImageObject","inLanguage":"fr-FR","@id":"https:\/\/www.promin.it\/#\/schema\/logo\/image\/","url":"https:\/\/www.promin.it\/wp-content\/uploads\/2024\/11\/logo-promin-seo.jpg","contentUrl":"https:\/\/www.promin.it\/wp-content\/uploads\/2024\/11\/logo-promin-seo.jpg","width":512,"height":512,"caption":"Promin Srl"},"image":{"@id":"https:\/\/www.promin.it\/#\/schema\/logo\/image\/"},"sameAs":["https:\/\/www.facebook.com\/prominmed","https:\/\/www.instagram.com\/promin_medicina_integrata\/","https:\/\/www.linkedin.com\/company\/promin-prodotti-medicina-integrata\/"]},{"@type":"Person","@id":"https:\/\/www.promin.it\/#\/schema\/person\/5300bbb9723a95b31f4f19fcccc5fa91","name":"Promin"}]}},"jetpack_featured_media_url":"https:\/\/www.promin.it\/wp-content\/uploads\/2024\/05\/allergy-18656_1280.webp","jetpack_sharing_enabled":true,"jetpack_shortlink":"https:\/\/wp.me\/paiRmh-53x","_links":{"self":[{"href":"https:\/\/www.promin.it\/fr\/wp-json\/wp\/v2\/posts\/19439"}],"collection":[{"href":"https:\/\/www.promin.it\/fr\/wp-json\/wp\/v2\/posts"}],"about":[{"href":"https:\/\/www.promin.it\/fr\/wp-json\/wp\/v2\/types\/post"}],"author":[{"embeddable":true,"href":"https:\/\/www.promin.it\/fr\/wp-json\/wp\/v2\/users\/4"}],"replies":[{"embeddable":true,"href":"https:\/\/www.promin.it\/fr\/wp-json\/wp\/v2\/comments?post=19439"}],"version-history":[{"count":2,"href":"https:\/\/www.promin.it\/fr\/wp-json\/wp\/v2\/posts\/19439\/revisions"}],"predecessor-version":[{"id":20071,"href":"https:\/\/www.promin.it\/fr\/wp-json\/wp\/v2\/posts\/19439\/revisions\/20071"}],"wp:featuredmedia":[{"embeddable":true,"href":"https:\/\/www.promin.it\/fr\/wp-json\/wp\/v2\/media\/20219"}],"wp:attachment":[{"href":"https:\/\/www.promin.it\/fr\/wp-json\/wp\/v2\/media?parent=19439"}],"wp:term":[{"taxonomy":"category","embeddable":true,"href":"https:\/\/www.promin.it\/fr\/wp-json\/wp\/v2\/categories?post=19439"},{"taxonomy":"post_tag","embeddable":true,"href":"https:\/\/www.promin.it\/fr\/wp-json\/wp\/v2\/tags?post=19439"}],"curies":[{"name":"wp","href":"https:\/\/api.w.org\/{rel}","templated":true}]}}