{"id":19440,"date":"2023-10-27T11:47:14","date_gmt":"2023-10-27T09:47:14","guid":{"rendered":"https:\/\/www.promin.it\/?p=19440"},"modified":"2024-11-12T10:55:44","modified_gmt":"2024-11-12T09:55:44","slug":"syndrome-metabolique-et-prevention-primaire-des-maladies-cardiovasculaires","status":"publish","type":"post","link":"https:\/\/www.promin.it\/fr\/syndrome-metabolique-et-prevention-primaire-des-maladies-cardiovasculaires\/","title":{"rendered":"Syndrome m\u00e9tabolique et pr\u00e9vention cardiovasculaire"},"content":{"rendered":"<p>L\u2019\u00e9norme pr\u00e9valence de l\u2019ob\u00e9sit\u00e9 et du diab\u00e8te m\u00eame \u00e0 un jeune \u00e2ge et le fait que le diab\u00e8te s\u2019accompagne d\u2019une augmentation des facteurs de risque cardiovasculaires classiques, tels que l\u2019hypertension, la dyslipid\u00e9mie et la st\u00e9atose h\u00e9patique, n\u00e9cessitent un programme de pr\u00e9vention de grande envergure qui inclut \u00e9galement des sujets sains ou limites.<\/p>\n<p><strong>Pour maintenir le c\u0153ur et les vaisseaux sanguins en bonne sant\u00e9 et contrer l\u2019apparition et la progression des maladies m\u00e9taboliques et cardiovasculaires, en particulier les maladies ath\u00e9roscl\u00e9reuses qui sont les plus courantes, il est important d\u2019agir t\u00f4t sur les modes de vie et les facteurs de risque.  <\/strong><\/p>\n<p>Ces derniers, lorsqu\u2019ils sont pr\u00e9sents dans la vie d\u2019un individu, augmentent la probabilit\u00e9 de manifester ou d\u2019aggraver une certaine maladie.<\/p>\n<h3>Facteur de risque<\/h3>\n<p>Il existe des facteurs de risque non modifiables tels que les ant\u00e9c\u00e9dents familiaux, le sexe, l\u2019\u00e2ge, qui rendent l\u2019individu plus expos\u00e9 au diab\u00e8te et aux maladies c\u00e9r\u00e9brales et cardiovasculaires. Il est \u00e9galement possible d\u2019intervenir positivement sur les facteurs de risque modifiables : tabagisme, s\u00e9dentarit\u00e9, mauvaise alimentation, ob\u00e9sit\u00e9, hyperglyc\u00e9mie et dyslipid\u00e9mie, hypertension art\u00e9rielle, syndrome m\u00e9tabolique. Pour maintenir la sant\u00e9, dans les deux cas, il est toujours n\u00e9cessaire d\u2019adopter et de maintenir des modes de vie sains tout au long de la vie et, dans cette perspective, une nutrition cibl\u00e9e et une suppl\u00e9mentation jouent un r\u00f4le fondamental.<\/p>\n<h3>Int\u00e9gration de pointe pour la pr\u00e9vention cardiom\u00e9tabolique<\/h3>\n<p>Dans le cadre des \u00ab&nbsp;Th\u00e9rapies int\u00e9gratives pour la sant\u00e9 des femmes&nbsp;\u00bb, le tout nouveau compl\u00e9ment de la soci\u00e9t\u00e9 Promin, Integrated Medicine Products, a \u00e9t\u00e9 pr\u00e9sent\u00e9 lors de la conf\u00e9rence \u00ab&nbsp;Spazio Nutrizione&nbsp;\u00bb (Assago, 13 octobre).<\/p>\n<p>&nbsp;<\/p>\n","protected":false},"excerpt":{"rendered":"<p>L\u2019\u00e9norme pr\u00e9valence de l\u2019ob\u00e9sit\u00e9 et du diab\u00e8te m\u00eame \u00e0 un jeune \u00e2ge et le fait que le diab\u00e8te s\u2019accompagne d\u2019une augmentation des facteurs de risque cardiovasculaires classiques, tels que l\u2019hypertension, la dyslipid\u00e9mie et la st\u00e9atose h\u00e9patique, n\u00e9cessitent un programme de pr\u00e9vention de grande envergure qui inclut \u00e9galement des sujets sains ou limites. Pour maintenir le&#8230;<\/p>\n","protected":false},"author":4,"featured_media":19095,"comment_status":"closed","ping_status":"closed","sticky":false,"template":"","format":"aside","meta":{"_acf_changed":false,"jetpack_post_was_ever_published":false,"_jetpack_newsletter_access":"","_jetpack_dont_email_post_to_subs":false,"_jetpack_newsletter_tier_id":0,"_jetpack_memberships_contains_paywalled_content":false,"_jetpack_memberships_contains_paid_content":false,"footnotes":"","jetpack_publicize_message":"","jetpack_publicize_feature_enabled":true,"jetpack_social_post_already_shared":true,"jetpack_social_options":{"image_generator_settings":{"template":"highway","enabled":false},"version":2}},"categories":[604],"tags":[822,823,761,821,820,819,818],"class_list":["post-19440","post","type-post","status-publish","format-aside","has-post-thumbnail","hentry","category-non-classifiee","tag-cromo-fr","tag-ecovitis-fr","tag-inositolo-fr","tag-inovitite","tag-menopausa-fr","tag-syndrome-metabolique","tag-systeme-cardiovasculaire","post_format-post-format-aside"],"jetpack_publicize_connections":[],"acf":[],"yoast_head":"<!-- This site is optimized with the Yoast SEO plugin v23.4 - https:\/\/yoast.com\/wordpress\/plugins\/seo\/ -->\n<title>Syndrome m\u00e9tabolique et pr\u00e9vention cardiovasculaire - Promin<\/title>\n<meta name=\"robots\" content=\"index, follow, max-snippet:-1, max-image-preview:large, max-video-preview:-1\" \/>\n<link rel=\"canonical\" href=\"https:\/\/www.promin.it\/fr\/syndrome-metabolique-et-prevention-primaire-des-maladies-cardiovasculaires\/\" \/>\n<meta property=\"og:locale\" content=\"fr_FR\" \/>\n<meta property=\"og:type\" content=\"article\" \/>\n<meta property=\"og:title\" content=\"Syndrome m\u00e9tabolique et pr\u00e9vention cardiovasculaire - Promin\" \/>\n<meta property=\"og:description\" content=\"L\u2019\u00e9norme pr\u00e9valence de l\u2019ob\u00e9sit\u00e9 et du diab\u00e8te m\u00eame \u00e0 un jeune \u00e2ge et le fait que le diab\u00e8te s\u2019accompagne d\u2019une augmentation des facteurs de risque cardiovasculaires classiques, tels que l\u2019hypertension, la dyslipid\u00e9mie et la st\u00e9atose h\u00e9patique, n\u00e9cessitent un programme de pr\u00e9vention de grande envergure qui inclut \u00e9galement des sujets sains ou limites. Pour maintenir le...\" \/>\n<meta property=\"og:url\" content=\"https:\/\/www.promin.it\/fr\/syndrome-metabolique-et-prevention-primaire-des-maladies-cardiovasculaires\/\" \/>\n<meta property=\"og:site_name\" content=\"Promin\" \/>\n<meta property=\"article:publisher\" content=\"https:\/\/www.facebook.com\/prominmed\" \/>\n<meta property=\"article:published_time\" content=\"2023-10-27T09:47:14+00:00\" \/>\n<meta property=\"article:modified_time\" content=\"2024-11-12T09:55:44+00:00\" \/>\n<meta property=\"og:image\" content=\"https:\/\/www.promin.it\/wp-content\/uploads\/2024\/10\/inovitis-inositolo-cromo-ecovitis.jpg\" \/>\n\t<meta property=\"og:image:width\" content=\"600\" \/>\n\t<meta property=\"og:image:height\" content=\"600\" \/>\n\t<meta property=\"og:image:type\" content=\"image\/jpeg\" \/>\n<meta name=\"author\" content=\"Promin\" \/>\n<meta name=\"twitter:card\" content=\"summary_large_image\" \/>\n<script type=\"application\/ld+json\" class=\"yoast-schema-graph\">{\"@context\":\"https:\/\/schema.org\",\"@graph\":[{\"@type\":\"Article\",\"@id\":\"https:\/\/www.promin.it\/fr\/syndrome-metabolique-et-prevention-primaire-des-maladies-cardiovasculaires\/#article\",\"isPartOf\":{\"@id\":\"https:\/\/www.promin.it\/fr\/syndrome-metabolique-et-prevention-primaire-des-maladies-cardiovasculaires\/\"},\"author\":{\"name\":\"Promin\",\"@id\":\"https:\/\/www.promin.it\/#\/schema\/person\/5300bbb9723a95b31f4f19fcccc5fa91\"},\"headline\":\"Syndrome m\u00e9tabolique et pr\u00e9vention cardiovasculaire\",\"datePublished\":\"2023-10-27T09:47:14+00:00\",\"dateModified\":\"2024-11-12T09:55:44+00:00\",\"mainEntityOfPage\":{\"@id\":\"https:\/\/www.promin.it\/fr\/syndrome-metabolique-et-prevention-primaire-des-maladies-cardiovasculaires\/\"},\"wordCount\":321,\"publisher\":{\"@id\":\"https:\/\/www.promin.it\/#organization\"},\"image\":{\"@id\":\"https:\/\/www.promin.it\/fr\/syndrome-metabolique-et-prevention-primaire-des-maladies-cardiovasculaires\/#primaryimage\"},\"thumbnailUrl\":\"https:\/\/www.promin.it\/wp-content\/uploads\/2024\/10\/inovitis-inositolo-cromo-ecovitis.jpg\",\"keywords\":[\"cromo\",\"Ecovitis\",\"Inositolo\",\"inovitite\",\"menopausa\",\"syndrome m\u00e9tabolique\",\"Syst\u00e8me cardiovasculaire\"],\"articleSection\":[\"Non classifi\u00e9(e)\"],\"inLanguage\":\"fr-FR\"},{\"@type\":\"WebPage\",\"@id\":\"https:\/\/www.promin.it\/fr\/syndrome-metabolique-et-prevention-primaire-des-maladies-cardiovasculaires\/\",\"url\":\"https:\/\/www.promin.it\/fr\/syndrome-metabolique-et-prevention-primaire-des-maladies-cardiovasculaires\/\",\"name\":\"Syndrome m\u00e9tabolique et pr\u00e9vention cardiovasculaire - Promin\",\"isPartOf\":{\"@id\":\"https:\/\/www.promin.it\/#website\"},\"primaryImageOfPage\":{\"@id\":\"https:\/\/www.promin.it\/fr\/syndrome-metabolique-et-prevention-primaire-des-maladies-cardiovasculaires\/#primaryimage\"},\"image\":{\"@id\":\"https:\/\/www.promin.it\/fr\/syndrome-metabolique-et-prevention-primaire-des-maladies-cardiovasculaires\/#primaryimage\"},\"thumbnailUrl\":\"https:\/\/www.promin.it\/wp-content\/uploads\/2024\/10\/inovitis-inositolo-cromo-ecovitis.jpg\",\"datePublished\":\"2023-10-27T09:47:14+00:00\",\"dateModified\":\"2024-11-12T09:55:44+00:00\",\"breadcrumb\":{\"@id\":\"https:\/\/www.promin.it\/fr\/syndrome-metabolique-et-prevention-primaire-des-maladies-cardiovasculaires\/#breadcrumb\"},\"inLanguage\":\"fr-FR\",\"potentialAction\":[{\"@type\":\"ReadAction\",\"target\":[\"https:\/\/www.promin.it\/fr\/syndrome-metabolique-et-prevention-primaire-des-maladies-cardiovasculaires\/\"]}]},{\"@type\":\"ImageObject\",\"inLanguage\":\"fr-FR\",\"@id\":\"https:\/\/www.promin.it\/fr\/syndrome-metabolique-et-prevention-primaire-des-maladies-cardiovasculaires\/#primaryimage\",\"url\":\"https:\/\/www.promin.it\/wp-content\/uploads\/2024\/10\/inovitis-inositolo-cromo-ecovitis.jpg\",\"contentUrl\":\"https:\/\/www.promin.it\/wp-content\/uploads\/2024\/10\/inovitis-inositolo-cromo-ecovitis.jpg\",\"width\":600,\"height\":600},{\"@type\":\"BreadcrumbList\",\"@id\":\"https:\/\/www.promin.it\/fr\/syndrome-metabolique-et-prevention-primaire-des-maladies-cardiovasculaires\/#breadcrumb\",\"itemListElement\":[{\"@type\":\"ListItem\",\"position\":1,\"name\":\"Accueil\",\"item\":\"https:\/\/www.promin.it\/fr\/\"},{\"@type\":\"ListItem\",\"position\":2,\"name\":\"Syndrome m\u00e9tabolique et pr\u00e9vention cardiovasculaire\"}]},{\"@type\":\"WebSite\",\"@id\":\"https:\/\/www.promin.it\/#website\",\"url\":\"https:\/\/www.promin.it\/\",\"name\":\"Promin\",\"description\":\"Prodotti Medicina Integrata\",\"publisher\":{\"@id\":\"https:\/\/www.promin.it\/#organization\"},\"potentialAction\":[{\"@type\":\"SearchAction\",\"target\":{\"@type\":\"EntryPoint\",\"urlTemplate\":\"https:\/\/www.promin.it\/?s={search_term_string}\"},\"query-input\":{\"@type\":\"PropertyValueSpecification\",\"valueRequired\":true,\"valueName\":\"search_term_string\"}}],\"inLanguage\":\"fr-FR\"},{\"@type\":\"Organization\",\"@id\":\"https:\/\/www.promin.it\/#organization\",\"name\":\"Promin Srl\",\"alternateName\":\"Promin - Prodotti Medicina Integrata\",\"url\":\"https:\/\/www.promin.it\/\",\"logo\":{\"@type\":\"ImageObject\",\"inLanguage\":\"fr-FR\",\"@id\":\"https:\/\/www.promin.it\/#\/schema\/logo\/image\/\",\"url\":\"https:\/\/www.promin.it\/wp-content\/uploads\/2024\/11\/logo-promin-seo.jpg\",\"contentUrl\":\"https:\/\/www.promin.it\/wp-content\/uploads\/2024\/11\/logo-promin-seo.jpg\",\"width\":512,\"height\":512,\"caption\":\"Promin Srl\"},\"image\":{\"@id\":\"https:\/\/www.promin.it\/#\/schema\/logo\/image\/\"},\"sameAs\":[\"https:\/\/www.facebook.com\/prominmed\",\"https:\/\/www.instagram.com\/promin_medicina_integrata\/\",\"https:\/\/www.linkedin.com\/company\/promin-prodotti-medicina-integrata\/\"]},{\"@type\":\"Person\",\"@id\":\"https:\/\/www.promin.it\/#\/schema\/person\/5300bbb9723a95b31f4f19fcccc5fa91\",\"name\":\"Promin\"}]}<\/script>\n<!-- \/ Yoast SEO plugin. -->","yoast_head_json":{"title":"Syndrome m\u00e9tabolique et pr\u00e9vention cardiovasculaire - Promin","robots":{"index":"index","follow":"follow","max-snippet":"max-snippet:-1","max-image-preview":"max-image-preview:large","max-video-preview":"max-video-preview:-1"},"canonical":"https:\/\/www.promin.it\/fr\/syndrome-metabolique-et-prevention-primaire-des-maladies-cardiovasculaires\/","og_locale":"fr_FR","og_type":"article","og_title":"Syndrome m\u00e9tabolique et pr\u00e9vention cardiovasculaire - Promin","og_description":"L\u2019\u00e9norme pr\u00e9valence de l\u2019ob\u00e9sit\u00e9 et du diab\u00e8te m\u00eame \u00e0 un jeune \u00e2ge et le fait que le diab\u00e8te s\u2019accompagne d\u2019une augmentation des facteurs de risque cardiovasculaires classiques, tels que l\u2019hypertension, la dyslipid\u00e9mie et la st\u00e9atose h\u00e9patique, n\u00e9cessitent un programme de pr\u00e9vention de grande envergure qui inclut \u00e9galement des sujets sains ou limites. Pour maintenir le...","og_url":"https:\/\/www.promin.it\/fr\/syndrome-metabolique-et-prevention-primaire-des-maladies-cardiovasculaires\/","og_site_name":"Promin","article_publisher":"https:\/\/www.facebook.com\/prominmed","article_published_time":"2023-10-27T09:47:14+00:00","article_modified_time":"2024-11-12T09:55:44+00:00","og_image":[{"width":600,"height":600,"url":"https:\/\/www.promin.it\/wp-content\/uploads\/2024\/10\/inovitis-inositolo-cromo-ecovitis.jpg","type":"image\/jpeg"}],"author":"Promin","twitter_card":"summary_large_image","schema":{"@context":"https:\/\/schema.org","@graph":[{"@type":"Article","@id":"https:\/\/www.promin.it\/fr\/syndrome-metabolique-et-prevention-primaire-des-maladies-cardiovasculaires\/#article","isPartOf":{"@id":"https:\/\/www.promin.it\/fr\/syndrome-metabolique-et-prevention-primaire-des-maladies-cardiovasculaires\/"},"author":{"name":"Promin","@id":"https:\/\/www.promin.it\/#\/schema\/person\/5300bbb9723a95b31f4f19fcccc5fa91"},"headline":"Syndrome m\u00e9tabolique et pr\u00e9vention cardiovasculaire","datePublished":"2023-10-27T09:47:14+00:00","dateModified":"2024-11-12T09:55:44+00:00","mainEntityOfPage":{"@id":"https:\/\/www.promin.it\/fr\/syndrome-metabolique-et-prevention-primaire-des-maladies-cardiovasculaires\/"},"wordCount":321,"publisher":{"@id":"https:\/\/www.promin.it\/#organization"},"image":{"@id":"https:\/\/www.promin.it\/fr\/syndrome-metabolique-et-prevention-primaire-des-maladies-cardiovasculaires\/#primaryimage"},"thumbnailUrl":"https:\/\/www.promin.it\/wp-content\/uploads\/2024\/10\/inovitis-inositolo-cromo-ecovitis.jpg","keywords":["cromo","Ecovitis","Inositolo","inovitite","menopausa","syndrome m\u00e9tabolique","Syst\u00e8me cardiovasculaire"],"articleSection":["Non classifi\u00e9(e)"],"inLanguage":"fr-FR"},{"@type":"WebPage","@id":"https:\/\/www.promin.it\/fr\/syndrome-metabolique-et-prevention-primaire-des-maladies-cardiovasculaires\/","url":"https:\/\/www.promin.it\/fr\/syndrome-metabolique-et-prevention-primaire-des-maladies-cardiovasculaires\/","name":"Syndrome m\u00e9tabolique et pr\u00e9vention cardiovasculaire - Promin","isPartOf":{"@id":"https:\/\/www.promin.it\/#website"},"primaryImageOfPage":{"@id":"https:\/\/www.promin.it\/fr\/syndrome-metabolique-et-prevention-primaire-des-maladies-cardiovasculaires\/#primaryimage"},"image":{"@id":"https:\/\/www.promin.it\/fr\/syndrome-metabolique-et-prevention-primaire-des-maladies-cardiovasculaires\/#primaryimage"},"thumbnailUrl":"https:\/\/www.promin.it\/wp-content\/uploads\/2024\/10\/inovitis-inositolo-cromo-ecovitis.jpg","datePublished":"2023-10-27T09:47:14+00:00","dateModified":"2024-11-12T09:55:44+00:00","breadcrumb":{"@id":"https:\/\/www.promin.it\/fr\/syndrome-metabolique-et-prevention-primaire-des-maladies-cardiovasculaires\/#breadcrumb"},"inLanguage":"fr-FR","potentialAction":[{"@type":"ReadAction","target":["https:\/\/www.promin.it\/fr\/syndrome-metabolique-et-prevention-primaire-des-maladies-cardiovasculaires\/"]}]},{"@type":"ImageObject","inLanguage":"fr-FR","@id":"https:\/\/www.promin.it\/fr\/syndrome-metabolique-et-prevention-primaire-des-maladies-cardiovasculaires\/#primaryimage","url":"https:\/\/www.promin.it\/wp-content\/uploads\/2024\/10\/inovitis-inositolo-cromo-ecovitis.jpg","contentUrl":"https:\/\/www.promin.it\/wp-content\/uploads\/2024\/10\/inovitis-inositolo-cromo-ecovitis.jpg","width":600,"height":600},{"@type":"BreadcrumbList","@id":"https:\/\/www.promin.it\/fr\/syndrome-metabolique-et-prevention-primaire-des-maladies-cardiovasculaires\/#breadcrumb","itemListElement":[{"@type":"ListItem","position":1,"name":"Accueil","item":"https:\/\/www.promin.it\/fr\/"},{"@type":"ListItem","position":2,"name":"Syndrome m\u00e9tabolique et pr\u00e9vention cardiovasculaire"}]},{"@type":"WebSite","@id":"https:\/\/www.promin.it\/#website","url":"https:\/\/www.promin.it\/","name":"Promin","description":"Prodotti Medicina Integrata","publisher":{"@id":"https:\/\/www.promin.it\/#organization"},"potentialAction":[{"@type":"SearchAction","target":{"@type":"EntryPoint","urlTemplate":"https:\/\/www.promin.it\/?s={search_term_string}"},"query-input":{"@type":"PropertyValueSpecification","valueRequired":true,"valueName":"search_term_string"}}],"inLanguage":"fr-FR"},{"@type":"Organization","@id":"https:\/\/www.promin.it\/#organization","name":"Promin Srl","alternateName":"Promin - Prodotti Medicina Integrata","url":"https:\/\/www.promin.it\/","logo":{"@type":"ImageObject","inLanguage":"fr-FR","@id":"https:\/\/www.promin.it\/#\/schema\/logo\/image\/","url":"https:\/\/www.promin.it\/wp-content\/uploads\/2024\/11\/logo-promin-seo.jpg","contentUrl":"https:\/\/www.promin.it\/wp-content\/uploads\/2024\/11\/logo-promin-seo.jpg","width":512,"height":512,"caption":"Promin Srl"},"image":{"@id":"https:\/\/www.promin.it\/#\/schema\/logo\/image\/"},"sameAs":["https:\/\/www.facebook.com\/prominmed","https:\/\/www.instagram.com\/promin_medicina_integrata\/","https:\/\/www.linkedin.com\/company\/promin-prodotti-medicina-integrata\/"]},{"@type":"Person","@id":"https:\/\/www.promin.it\/#\/schema\/person\/5300bbb9723a95b31f4f19fcccc5fa91","name":"Promin"}]}},"jetpack_featured_media_url":"https:\/\/www.promin.it\/wp-content\/uploads\/2024\/10\/inovitis-inositolo-cromo-ecovitis.jpg","jetpack_sharing_enabled":true,"jetpack_shortlink":"https:\/\/wp.me\/paiRmh-53y","_links":{"self":[{"href":"https:\/\/www.promin.it\/fr\/wp-json\/wp\/v2\/posts\/19440"}],"collection":[{"href":"https:\/\/www.promin.it\/fr\/wp-json\/wp\/v2\/posts"}],"about":[{"href":"https:\/\/www.promin.it\/fr\/wp-json\/wp\/v2\/types\/post"}],"author":[{"embeddable":true,"href":"https:\/\/www.promin.it\/fr\/wp-json\/wp\/v2\/users\/4"}],"replies":[{"embeddable":true,"href":"https:\/\/www.promin.it\/fr\/wp-json\/wp\/v2\/comments?post=19440"}],"version-history":[{"count":1,"href":"https:\/\/www.promin.it\/fr\/wp-json\/wp\/v2\/posts\/19440\/revisions"}],"predecessor-version":[{"id":20001,"href":"https:\/\/www.promin.it\/fr\/wp-json\/wp\/v2\/posts\/19440\/revisions\/20001"}],"wp:featuredmedia":[{"embeddable":true,"href":"https:\/\/www.promin.it\/fr\/wp-json\/wp\/v2\/media\/19095"}],"wp:attachment":[{"href":"https:\/\/www.promin.it\/fr\/wp-json\/wp\/v2\/media?parent=19440"}],"wp:term":[{"taxonomy":"category","embeddable":true,"href":"https:\/\/www.promin.it\/fr\/wp-json\/wp\/v2\/categories?post=19440"},{"taxonomy":"post_tag","embeddable":true,"href":"https:\/\/www.promin.it\/fr\/wp-json\/wp\/v2\/tags?post=19440"}],"curies":[{"name":"wp","href":"https:\/\/api.w.org\/{rel}","templated":true}]}}