{"id":20012,"date":"2022-05-04T11:15:29","date_gmt":"2022-05-04T09:15:29","guid":{"rendered":"https:\/\/www.promin.it\/insomnie-et-troubles-de-lhumeur\/"},"modified":"2024-12-12T16:58:28","modified_gmt":"2024-12-12T15:58:28","slug":"insomnie-et-troubles-de-lhumeur","status":"publish","type":"post","link":"https:\/\/www.promin.it\/fr\/insomnie-et-troubles-de-lhumeur\/","title":{"rendered":"Insomnie et troubles de l\u2019humeur"},"content":{"rendered":"<h3 style=\"text-align: left;\"><strong>INOSAME BRAIN par PROMIN<\/strong><\/h3>\n<p><strong>Suppl\u00e9ment brevet\u00e9 en comprim\u00e9s orodispersibles \u00e0 base de SAMe, d\u2019Inositol et de Magn\u00e9sium, des nutriments qui favorisent la relaxation et l\u2019\u00e9quilibre psychophysique et interviennent positivement sur les sympt\u00f4mes li\u00e9s \u00e0 la d\u00e9pression, \u00e0 l\u2019anxi\u00e9t\u00e9, aux attaques de panique, aux troubles du sommeil. <\/strong><\/p>\n<p>L\u2019insomnie est le trouble du sommeil le plus courant. On estime que 40% de la population souffre de mani\u00e8re chronique ou simplement temporaire. Il existe diff\u00e9rentes causes : mauvaises habitudes de vie, difficult\u00e9s digestives, apn\u00e9e obstructive du sommeil, maladies syst\u00e9miques, anxi\u00e9t\u00e9, stress, d\u00e9pression et plus encore.<\/p>\n<p><strong>Bien dormir, un nombre d\u2019heures ad\u00e9quat, profiter d\u2019un \u00ab\u00a0sommeil r\u00e9parateur\u00a0\u00bb n\u2019est pas secondaire pour la sant\u00e9 et le bien-\u00eatre, car si le cerveau se repose, il est plus r\u00e9ceptif aux stimuli et est capable d\u2019y r\u00e9pondre correctement. L\u2019insomnie prolong\u00e9e peut au contraire provoquer une fatigue chronique, une diminution de l\u2019attention et de la concentration, alt\u00e9rer les fonctions physiologiques normales du corps et avoir des effets n\u00e9fastes sur la sant\u00e9. <\/strong><\/p>\n<p>Il y a des gens qui ont du mal \u00e0 s\u2019endormir mais qui dorment ensuite r\u00e9guli\u00e8rement, d\u2019autres qui souffrent de r\u00e9veils nocturnes fr\u00e9quents.<\/p>\n<p><strong>Si vous vous r\u00e9veillez tr\u00e8s t\u00f4t le matin, le trouble du sommeil peut \u00eatre un sympt\u00f4me li\u00e9 aux troubles de l\u2019humeur<\/strong>. Avant que le trouble ne dure dans le temps, ne devienne chronique et ne devienne m\u00e9dical, il est possible d\u2019intervenir en reconstituant et en r\u00e9\u00e9quilibrant dans le corps les nutriments, les vitamines et les min\u00e9raux qui sont impliqu\u00e9s dans le contr\u00f4le de l\u2019humeur.<\/p>\n<h3><strong>Si l\u2019insomnie est un sympt\u00f4me de la d\u00e9pression<\/strong><\/h3>\n<p>D\u2019un point de vue physiologique, les troubles de l\u2019humeur semblent \u00eatre li\u00e9s avant tout au dysfonctionnement des neurones qui utilisent les neurotransmetteurs s\u00e9rotonine et noradr\u00e9naline. Le syst\u00e8me neuroendocrinien est \u00e9galement impliqu\u00e9 et en particulier l\u2019axe hypothalamo-hypophyso-surr\u00e9nalien, qui contr\u00f4le la lib\u00e9ration de l\u2019hormone cortisol, l\u2019un des responsables du ph\u00e9nom\u00e8ne de d\u00e9pression et de stress chez l\u2019homme. Au cours de l\u2019ann\u00e9e \u00e9coul\u00e9e, sous la pression psychologique de la pand\u00e9mie, les troubles de l\u2019humeur et les sympt\u00f4mes associ\u00e9s, la tristesse, l\u2019anxi\u00e9t\u00e9, le sommeil irr\u00e9gulier ont consid\u00e9rablement augment\u00e9 et selon l\u2019Organisation mondiale de la sant\u00e9, la d\u00e9pression pourrait devenir la deuxi\u00e8me pathologie au niveau international.<\/p>\n<h3>InoSAMe Cerveau<\/h3>\n<p><img decoding=\"async\" class=\"alignnone size-full wp-image-17714\" src=\"https:\/\/www.promin.it\/wp-content\/uploads\/2023\/06\/ansia-1.webp\" alt=\"\" width=\"300\" height=\"225\" \/><\/p>\n<p><a class=\"w-btn us-btn-style_2 usg_btn_1\" href=\"\/inosame-brain\/\">Id\u00e9es<\/a><\/p>\n<p><strong>INOSAME BRAIN de PROMIN, la synergie de SAMe, d\u2019Inositol et de Magn\u00e9sium pour favoriser naturellement la relaxation et l\u2019\u00e9quilibre psychophysique et pour lutter contre les sympt\u00f4mes li\u00e9s \u00e0 la d\u00e9pression, l\u2019anxi\u00e9t\u00e9, les attaques de panique, les troubles du sommeil. <\/strong><\/p>\n<p><strong>La SAMe ou Ad\u00e9nosyl-L-m\u00e9thionine,<\/strong> naturellement pr\u00e9sente dans l\u2019organisme, intervient dans la synth\u00e8se de la S\u00e9rotonine, de la Noradr\u00e9naline, de la Dopamine, des neurotransmetteurs impliqu\u00e9s dans l\u2019\u00e9quilibre de l\u2019humeur. Il est utilis\u00e9 depuis des ann\u00e9es en Europe et en Italie pour le traitement de la d\u00e9pression.<\/p>\n","protected":false},"excerpt":{"rendered":"<p>INOSAME BRAIN par PROMIN Suppl\u00e9ment brevet\u00e9 en comprim\u00e9s orodispersibles \u00e0 base de SAMe, d\u2019Inositol et de Magn\u00e9sium, des nutriments qui favorisent la relaxation et l\u2019\u00e9quilibre psychophysique et interviennent positivement sur les sympt\u00f4mes li\u00e9s \u00e0 la d\u00e9pression, \u00e0 l\u2019anxi\u00e9t\u00e9, aux attaques de panique, aux troubles du sommeil. L\u2019insomnie est le trouble du sommeil le plus courant&#8230;.<\/p>\n","protected":false},"author":4,"featured_media":18978,"comment_status":"closed","ping_status":"closed","sticky":false,"template":"","format":"aside","meta":{"_acf_changed":false,"jetpack_post_was_ever_published":false,"_jetpack_newsletter_access":"","_jetpack_dont_email_post_to_subs":false,"_jetpack_newsletter_tier_id":0,"_jetpack_memberships_contains_paywalled_content":false,"_jetpack_memberships_contains_paid_content":false,"footnotes":"","jetpack_publicize_message":"","jetpack_publicize_feature_enabled":true,"jetpack_social_post_already_shared":true,"jetpack_social_options":{"image_generator_settings":{"template":"highway","enabled":false},"version":2}},"categories":[604],"tags":[852,806,761,825,765,805,809,807,810],"class_list":["post-20012","post","type-post","status-publish","format-aside","has-post-thumbnail","hentry","category-non-classifiee","tag-difficulte-a-dormir","tag-inosame-cerveau","tag-inositolo-fr","tag-insomnie","tag-ligne-dinositol","tag-magnesium","tag-meme","tag-systeme-nerveux-central","tag-troubles-du-sommeil","post_format-post-format-aside"],"jetpack_publicize_connections":[],"acf":[],"yoast_head":"<!-- This site is optimized with the Yoast SEO plugin v23.4 - https:\/\/yoast.com\/wordpress\/plugins\/seo\/ -->\n<title>Insonnia et Troubles de l\u2019Humeur : Compl\u00e9ment Naturel | Promin<\/title>\n<meta name=\"description\" content=\"Insonnia et troubles de l\u2019humeur ? D\u00e9couvrez nos solutions naturelles pour retrouver un sommeil r\u00e9parateur et une humeur stable.\" \/>\n<meta name=\"robots\" content=\"index, follow, max-snippet:-1, max-image-preview:large, max-video-preview:-1\" \/>\n<link rel=\"canonical\" href=\"https:\/\/www.promin.it\/fr\/insomnie-et-troubles-de-lhumeur\/\" \/>\n<meta property=\"og:locale\" content=\"fr_FR\" \/>\n<meta property=\"og:type\" content=\"article\" \/>\n<meta property=\"og:title\" content=\"Insonnia et Troubles de l\u2019Humeur : Compl\u00e9ment Naturel | Promin\" \/>\n<meta property=\"og:description\" content=\"Insonnia et troubles de l\u2019humeur ? D\u00e9couvrez nos solutions naturelles pour retrouver un sommeil r\u00e9parateur et une humeur stable.\" \/>\n<meta property=\"og:url\" content=\"https:\/\/www.promin.it\/fr\/insomnie-et-troubles-de-lhumeur\/\" \/>\n<meta property=\"og:site_name\" content=\"Promin\" \/>\n<meta property=\"article:publisher\" content=\"https:\/\/www.facebook.com\/prominmed\" \/>\n<meta property=\"article:published_time\" content=\"2022-05-04T09:15:29+00:00\" \/>\n<meta property=\"article:modified_time\" content=\"2024-12-12T15:58:28+00:00\" \/>\n<meta property=\"og:image\" content=\"https:\/\/www.promin.it\/wp-content\/uploads\/2021\/05\/woman-2197947_1280.jpg\" \/>\n\t<meta property=\"og:image:width\" content=\"1280\" \/>\n\t<meta property=\"og:image:height\" content=\"853\" \/>\n\t<meta property=\"og:image:type\" content=\"image\/jpeg\" \/>\n<meta name=\"author\" content=\"Promin\" \/>\n<meta name=\"twitter:card\" content=\"summary_large_image\" \/>\n<script type=\"application\/ld+json\" class=\"yoast-schema-graph\">{\"@context\":\"https:\/\/schema.org\",\"@graph\":[{\"@type\":\"Article\",\"@id\":\"https:\/\/www.promin.it\/fr\/insomnie-et-troubles-de-lhumeur\/#article\",\"isPartOf\":{\"@id\":\"https:\/\/www.promin.it\/fr\/insomnie-et-troubles-de-lhumeur\/\"},\"author\":{\"name\":\"Promin\",\"@id\":\"https:\/\/www.promin.it\/#\/schema\/person\/5300bbb9723a95b31f4f19fcccc5fa91\"},\"headline\":\"Insomnie et troubles de l\u2019humeur\",\"datePublished\":\"2022-05-04T09:15:29+00:00\",\"dateModified\":\"2024-12-12T15:58:28+00:00\",\"mainEntityOfPage\":{\"@id\":\"https:\/\/www.promin.it\/fr\/insomnie-et-troubles-de-lhumeur\/\"},\"wordCount\":547,\"publisher\":{\"@id\":\"https:\/\/www.promin.it\/#organization\"},\"image\":{\"@id\":\"https:\/\/www.promin.it\/fr\/insomnie-et-troubles-de-lhumeur\/#primaryimage\"},\"thumbnailUrl\":\"https:\/\/www.promin.it\/wp-content\/uploads\/2021\/05\/woman-2197947_1280.jpg\",\"keywords\":[\"difficult\u00e9 \u00e0 dormir\",\"InoSAMe Cerveau\",\"Inositolo\",\"insomnie\",\"ligne d'inositol\",\"Magn\u00e9sium\",\"M\u00eame\",\"Syst\u00e8me nerveux central\",\"troubles du sommeil\"],\"articleSection\":[\"Non classifi\u00e9(e)\"],\"inLanguage\":\"fr-FR\"},{\"@type\":\"WebPage\",\"@id\":\"https:\/\/www.promin.it\/fr\/insomnie-et-troubles-de-lhumeur\/\",\"url\":\"https:\/\/www.promin.it\/fr\/insomnie-et-troubles-de-lhumeur\/\",\"name\":\"Insonnia et Troubles de l\u2019Humeur : Compl\u00e9ment Naturel | Promin\",\"isPartOf\":{\"@id\":\"https:\/\/www.promin.it\/#website\"},\"primaryImageOfPage\":{\"@id\":\"https:\/\/www.promin.it\/fr\/insomnie-et-troubles-de-lhumeur\/#primaryimage\"},\"image\":{\"@id\":\"https:\/\/www.promin.it\/fr\/insomnie-et-troubles-de-lhumeur\/#primaryimage\"},\"thumbnailUrl\":\"https:\/\/www.promin.it\/wp-content\/uploads\/2021\/05\/woman-2197947_1280.jpg\",\"datePublished\":\"2022-05-04T09:15:29+00:00\",\"dateModified\":\"2024-12-12T15:58:28+00:00\",\"description\":\"Insonnia et troubles de l\u2019humeur ? D\u00e9couvrez nos solutions naturelles pour retrouver un sommeil r\u00e9parateur et une humeur stable.\",\"breadcrumb\":{\"@id\":\"https:\/\/www.promin.it\/fr\/insomnie-et-troubles-de-lhumeur\/#breadcrumb\"},\"inLanguage\":\"fr-FR\",\"potentialAction\":[{\"@type\":\"ReadAction\",\"target\":[\"https:\/\/www.promin.it\/fr\/insomnie-et-troubles-de-lhumeur\/\"]}]},{\"@type\":\"ImageObject\",\"inLanguage\":\"fr-FR\",\"@id\":\"https:\/\/www.promin.it\/fr\/insomnie-et-troubles-de-lhumeur\/#primaryimage\",\"url\":\"https:\/\/www.promin.it\/wp-content\/uploads\/2021\/05\/woman-2197947_1280.jpg\",\"contentUrl\":\"https:\/\/www.promin.it\/wp-content\/uploads\/2021\/05\/woman-2197947_1280.jpg\",\"width\":1280,\"height\":853},{\"@type\":\"BreadcrumbList\",\"@id\":\"https:\/\/www.promin.it\/fr\/insomnie-et-troubles-de-lhumeur\/#breadcrumb\",\"itemListElement\":[{\"@type\":\"ListItem\",\"position\":1,\"name\":\"Accueil\",\"item\":\"https:\/\/www.promin.it\/fr\/\"},{\"@type\":\"ListItem\",\"position\":2,\"name\":\"Insomnie et troubles de l\u2019humeur\"}]},{\"@type\":\"WebSite\",\"@id\":\"https:\/\/www.promin.it\/#website\",\"url\":\"https:\/\/www.promin.it\/\",\"name\":\"Promin\",\"description\":\"Prodotti Medicina Integrata\",\"publisher\":{\"@id\":\"https:\/\/www.promin.it\/#organization\"},\"potentialAction\":[{\"@type\":\"SearchAction\",\"target\":{\"@type\":\"EntryPoint\",\"urlTemplate\":\"https:\/\/www.promin.it\/?s={search_term_string}\"},\"query-input\":{\"@type\":\"PropertyValueSpecification\",\"valueRequired\":true,\"valueName\":\"search_term_string\"}}],\"inLanguage\":\"fr-FR\"},{\"@type\":\"Organization\",\"@id\":\"https:\/\/www.promin.it\/#organization\",\"name\":\"Promin Srl\",\"alternateName\":\"Promin - Prodotti Medicina Integrata\",\"url\":\"https:\/\/www.promin.it\/\",\"logo\":{\"@type\":\"ImageObject\",\"inLanguage\":\"fr-FR\",\"@id\":\"https:\/\/www.promin.it\/#\/schema\/logo\/image\/\",\"url\":\"https:\/\/www.promin.it\/wp-content\/uploads\/2024\/11\/logo-promin-seo.jpg\",\"contentUrl\":\"https:\/\/www.promin.it\/wp-content\/uploads\/2024\/11\/logo-promin-seo.jpg\",\"width\":512,\"height\":512,\"caption\":\"Promin Srl\"},\"image\":{\"@id\":\"https:\/\/www.promin.it\/#\/schema\/logo\/image\/\"},\"sameAs\":[\"https:\/\/www.facebook.com\/prominmed\",\"https:\/\/www.instagram.com\/promin_medicina_integrata\/\",\"https:\/\/www.linkedin.com\/company\/promin-prodotti-medicina-integrata\/\"]},{\"@type\":\"Person\",\"@id\":\"https:\/\/www.promin.it\/#\/schema\/person\/5300bbb9723a95b31f4f19fcccc5fa91\",\"name\":\"Promin\"}]}<\/script>\n<!-- \/ Yoast SEO plugin. -->","yoast_head_json":{"title":"Insonnia et Troubles de l\u2019Humeur : Compl\u00e9ment Naturel | Promin","description":"Insonnia et troubles de l\u2019humeur ? D\u00e9couvrez nos solutions naturelles pour retrouver un sommeil r\u00e9parateur et une humeur stable.","robots":{"index":"index","follow":"follow","max-snippet":"max-snippet:-1","max-image-preview":"max-image-preview:large","max-video-preview":"max-video-preview:-1"},"canonical":"https:\/\/www.promin.it\/fr\/insomnie-et-troubles-de-lhumeur\/","og_locale":"fr_FR","og_type":"article","og_title":"Insonnia et Troubles de l\u2019Humeur : Compl\u00e9ment Naturel | Promin","og_description":"Insonnia et troubles de l\u2019humeur ? D\u00e9couvrez nos solutions naturelles pour retrouver un sommeil r\u00e9parateur et une humeur stable.","og_url":"https:\/\/www.promin.it\/fr\/insomnie-et-troubles-de-lhumeur\/","og_site_name":"Promin","article_publisher":"https:\/\/www.facebook.com\/prominmed","article_published_time":"2022-05-04T09:15:29+00:00","article_modified_time":"2024-12-12T15:58:28+00:00","og_image":[{"width":1280,"height":853,"url":"https:\/\/www.promin.it\/wp-content\/uploads\/2021\/05\/woman-2197947_1280.jpg","type":"image\/jpeg"}],"author":"Promin","twitter_card":"summary_large_image","schema":{"@context":"https:\/\/schema.org","@graph":[{"@type":"Article","@id":"https:\/\/www.promin.it\/fr\/insomnie-et-troubles-de-lhumeur\/#article","isPartOf":{"@id":"https:\/\/www.promin.it\/fr\/insomnie-et-troubles-de-lhumeur\/"},"author":{"name":"Promin","@id":"https:\/\/www.promin.it\/#\/schema\/person\/5300bbb9723a95b31f4f19fcccc5fa91"},"headline":"Insomnie et troubles de l\u2019humeur","datePublished":"2022-05-04T09:15:29+00:00","dateModified":"2024-12-12T15:58:28+00:00","mainEntityOfPage":{"@id":"https:\/\/www.promin.it\/fr\/insomnie-et-troubles-de-lhumeur\/"},"wordCount":547,"publisher":{"@id":"https:\/\/www.promin.it\/#organization"},"image":{"@id":"https:\/\/www.promin.it\/fr\/insomnie-et-troubles-de-lhumeur\/#primaryimage"},"thumbnailUrl":"https:\/\/www.promin.it\/wp-content\/uploads\/2021\/05\/woman-2197947_1280.jpg","keywords":["difficult\u00e9 \u00e0 dormir","InoSAMe Cerveau","Inositolo","insomnie","ligne d'inositol","Magn\u00e9sium","M\u00eame","Syst\u00e8me nerveux central","troubles du sommeil"],"articleSection":["Non classifi\u00e9(e)"],"inLanguage":"fr-FR"},{"@type":"WebPage","@id":"https:\/\/www.promin.it\/fr\/insomnie-et-troubles-de-lhumeur\/","url":"https:\/\/www.promin.it\/fr\/insomnie-et-troubles-de-lhumeur\/","name":"Insonnia et Troubles de l\u2019Humeur : Compl\u00e9ment Naturel | Promin","isPartOf":{"@id":"https:\/\/www.promin.it\/#website"},"primaryImageOfPage":{"@id":"https:\/\/www.promin.it\/fr\/insomnie-et-troubles-de-lhumeur\/#primaryimage"},"image":{"@id":"https:\/\/www.promin.it\/fr\/insomnie-et-troubles-de-lhumeur\/#primaryimage"},"thumbnailUrl":"https:\/\/www.promin.it\/wp-content\/uploads\/2021\/05\/woman-2197947_1280.jpg","datePublished":"2022-05-04T09:15:29+00:00","dateModified":"2024-12-12T15:58:28+00:00","description":"Insonnia et troubles de l\u2019humeur ? D\u00e9couvrez nos solutions naturelles pour retrouver un sommeil r\u00e9parateur et une humeur stable.","breadcrumb":{"@id":"https:\/\/www.promin.it\/fr\/insomnie-et-troubles-de-lhumeur\/#breadcrumb"},"inLanguage":"fr-FR","potentialAction":[{"@type":"ReadAction","target":["https:\/\/www.promin.it\/fr\/insomnie-et-troubles-de-lhumeur\/"]}]},{"@type":"ImageObject","inLanguage":"fr-FR","@id":"https:\/\/www.promin.it\/fr\/insomnie-et-troubles-de-lhumeur\/#primaryimage","url":"https:\/\/www.promin.it\/wp-content\/uploads\/2021\/05\/woman-2197947_1280.jpg","contentUrl":"https:\/\/www.promin.it\/wp-content\/uploads\/2021\/05\/woman-2197947_1280.jpg","width":1280,"height":853},{"@type":"BreadcrumbList","@id":"https:\/\/www.promin.it\/fr\/insomnie-et-troubles-de-lhumeur\/#breadcrumb","itemListElement":[{"@type":"ListItem","position":1,"name":"Accueil","item":"https:\/\/www.promin.it\/fr\/"},{"@type":"ListItem","position":2,"name":"Insomnie et troubles de l\u2019humeur"}]},{"@type":"WebSite","@id":"https:\/\/www.promin.it\/#website","url":"https:\/\/www.promin.it\/","name":"Promin","description":"Prodotti Medicina Integrata","publisher":{"@id":"https:\/\/www.promin.it\/#organization"},"potentialAction":[{"@type":"SearchAction","target":{"@type":"EntryPoint","urlTemplate":"https:\/\/www.promin.it\/?s={search_term_string}"},"query-input":{"@type":"PropertyValueSpecification","valueRequired":true,"valueName":"search_term_string"}}],"inLanguage":"fr-FR"},{"@type":"Organization","@id":"https:\/\/www.promin.it\/#organization","name":"Promin Srl","alternateName":"Promin - Prodotti Medicina Integrata","url":"https:\/\/www.promin.it\/","logo":{"@type":"ImageObject","inLanguage":"fr-FR","@id":"https:\/\/www.promin.it\/#\/schema\/logo\/image\/","url":"https:\/\/www.promin.it\/wp-content\/uploads\/2024\/11\/logo-promin-seo.jpg","contentUrl":"https:\/\/www.promin.it\/wp-content\/uploads\/2024\/11\/logo-promin-seo.jpg","width":512,"height":512,"caption":"Promin Srl"},"image":{"@id":"https:\/\/www.promin.it\/#\/schema\/logo\/image\/"},"sameAs":["https:\/\/www.facebook.com\/prominmed","https:\/\/www.instagram.com\/promin_medicina_integrata\/","https:\/\/www.linkedin.com\/company\/promin-prodotti-medicina-integrata\/"]},{"@type":"Person","@id":"https:\/\/www.promin.it\/#\/schema\/person\/5300bbb9723a95b31f4f19fcccc5fa91","name":"Promin"}]}},"jetpack_featured_media_url":"https:\/\/www.promin.it\/wp-content\/uploads\/2021\/05\/woman-2197947_1280.jpg","jetpack_sharing_enabled":true,"jetpack_shortlink":"https:\/\/wp.me\/paiRmh-5cM","_links":{"self":[{"href":"https:\/\/www.promin.it\/fr\/wp-json\/wp\/v2\/posts\/20012"}],"collection":[{"href":"https:\/\/www.promin.it\/fr\/wp-json\/wp\/v2\/posts"}],"about":[{"href":"https:\/\/www.promin.it\/fr\/wp-json\/wp\/v2\/types\/post"}],"author":[{"embeddable":true,"href":"https:\/\/www.promin.it\/fr\/wp-json\/wp\/v2\/users\/4"}],"replies":[{"embeddable":true,"href":"https:\/\/www.promin.it\/fr\/wp-json\/wp\/v2\/comments?post=20012"}],"version-history":[{"count":1,"href":"https:\/\/www.promin.it\/fr\/wp-json\/wp\/v2\/posts\/20012\/revisions"}],"predecessor-version":[{"id":20458,"href":"https:\/\/www.promin.it\/fr\/wp-json\/wp\/v2\/posts\/20012\/revisions\/20458"}],"wp:featuredmedia":[{"embeddable":true,"href":"https:\/\/www.promin.it\/fr\/wp-json\/wp\/v2\/media\/18978"}],"wp:attachment":[{"href":"https:\/\/www.promin.it\/fr\/wp-json\/wp\/v2\/media?parent=20012"}],"wp:term":[{"taxonomy":"category","embeddable":true,"href":"https:\/\/www.promin.it\/fr\/wp-json\/wp\/v2\/categories?post=20012"},{"taxonomy":"post_tag","embeddable":true,"href":"https:\/\/www.promin.it\/fr\/wp-json\/wp\/v2\/tags?post=20012"}],"curies":[{"name":"wp","href":"https:\/\/api.w.org\/{rel}","templated":true}]}}