{"id":20020,"date":"2021-12-12T12:09:16","date_gmt":"2021-12-12T11:09:16","guid":{"rendered":"https:\/\/www.promin.it\/noel-comment-se-proteger-de-la-nourriture-et-du-stress-emotionnel-dans-les-jours-precedant-les-vacances\/"},"modified":"2021-12-12T12:09:16","modified_gmt":"2021-12-12T11:09:16","slug":"noel-comment-se-proteger-de-la-nourriture-et-du-stress-emotionnel-dans-les-jours-precedant-les-vacances","status":"publish","type":"post","link":"https:\/\/www.promin.it\/fr\/noel-comment-se-proteger-de-la-nourriture-et-du-stress-emotionnel-dans-les-jours-precedant-les-vacances\/","title":{"rendered":"Prot\u00e9gez-vous du stress alimentaire et \u00e9motionnel dans les jours pr\u00e9c\u00e9dant les vacances"},"content":{"rendered":"<p>Ap\u00e9ritifs et d\u00eeners, engagements de travail pour terminer l\u2019ann\u00e9e en cours et planifier l\u2019activit\u00e9 de la nouvelle ann\u00e9e, recherche spasmodique de cadeaux \u00e0 mettre sous le sapin. Comme les jours qui pr\u00e9c\u00e8dent les vacances de No\u00ebl peuvent \u00eatre fatigants ! Quelques r\u00e8gles peuvent suffire \u00e0 limiter les d\u00e9g\u00e2ts sur la sant\u00e9. Evitez de d\u00e9passer pendant tout le mois de d\u00e9cembre&#8230; et au-del\u00e0 avec les libations, les aliments gras et sucr\u00e9s. La continuit\u00e9, les abus r\u00e9p\u00e9t\u00e9s et prolong\u00e9s sont ce qui fait la diff\u00e9rence en termes de sant\u00e9 et d\u2019esth\u00e9tique. Il est donc n\u00e9cessaire de ne pas remplir le garde-manger avec des quantit\u00e9s de nourriture qui d\u00e9passent la consommation attendue, en particulier les gourmandes et super-caloriques dont nous pouvons profiter sans trop de culpabilit\u00e9 la veille de No\u00ebl, No\u00ebl et le r\u00e9veillon du Nouvel An. Le dicton latin \u00ab&nbsp;Semel in anno&#8230;.&nbsp;\u00bb est toujours tr\u00e8s valable. Les l\u00e9gumes, les fruits de saison, les aliments entiers seront les favoris sur les tables de tous les jours, et avec mod\u00e9ration m\u00eame quelques sucreries, ou verre de v\u0153ux qui seront encore plus \u00e9limin\u00e9s en surmontant un mode de vie s\u00e9dentaire et en fournissant une activit\u00e9 physique saine, un soutien important pour surmonter le stress et r\u00e9\u00e9quilibrer l\u2019humeur. Ces r\u00e8gles de base peuvent \u00eatre combin\u00e9es avec des soutiens qui aident au travail du foie, aux processus digestifs et au transit intestinal r\u00e9gulier en ces temps de besoins accrus.<\/p>\n<h3>Promin recommande<\/h3>\n<p>&nbsp;<\/p>\n<p><img decoding=\"async\" class=\"alignnone size-medium wp-image-17621\" src=\"https:\/\/www.promin.it\/wp-content\/uploads\/2024\/10\/inosima-complex-colina-inositolo-300x300.jpg\" alt=\"\" width=\"300\" height=\"300\" srcset=\"https:\/\/www.promin.it\/wp-content\/uploads\/2024\/10\/inosima-complex-colina-inositolo-300x300.jpg 300w, https:\/\/www.promin.it\/wp-content\/uploads\/2024\/10\/inosima-complex-colina-inositolo-150x150.jpg 150w, https:\/\/www.promin.it\/wp-content\/uploads\/2024\/10\/inosima-complex-colina-inositolo.jpg 600w\" sizes=\"(max-width: 300px) 100vw, 300px\" \/><\/p>\n<p><a class=\"w-btn us-btn-style_2 usg_btn_1\" href=\"\/prodotto\/inosima-complex\/\">Approfondissement<\/a><\/p>\n<p><strong>Inosima Complex<\/strong>, compl\u00e9ment en comprim\u00e9s \u00e0 lib\u00e9ration lente d\u2019Inositol, de Choline et de vitamine E, pr\u00e9cieux ingr\u00e9dients actifs pour le bien-\u00eatre du foie, l\u2019\u00e9quilibre lipidique et pour favoriser les processus de purification. L\u2019inositol a des effets positifs sur l\u2019humeur et est utile pour lutter contre le stress. <\/p>\n<p><img decoding=\"async\" class=\"alignnone size-medium wp-image-17616\" src=\"https:\/\/www.promin.it\/wp-content\/uploads\/2024\/10\/fito-gastrolene-vitamina-a-e-brassica-oleracea-300x300.jpg\" alt=\"\" width=\"300\" height=\"300\" srcset=\"https:\/\/www.promin.it\/wp-content\/uploads\/2024\/10\/fito-gastrolene-vitamina-a-e-brassica-oleracea-300x300.jpg 300w, https:\/\/www.promin.it\/wp-content\/uploads\/2024\/10\/fito-gastrolene-vitamina-a-e-brassica-oleracea-150x150.jpg 150w, https:\/\/www.promin.it\/wp-content\/uploads\/2024\/10\/fito-gastrolene-vitamina-a-e-brassica-oleracea.jpg 600w\" sizes=\"(max-width: 300px) 100vw, 300px\" \/><\/p>\n<p><a class=\"w-btn us-btn-style_2 usg_btn_1\" href=\"\/prodotto\/fito-gastrolene\/\">Approfondissement<\/a><\/p>\n<p><strong>Phytogastrol\u00e8ne<\/strong>, g\u00e9lules \u00e0 base de nutriments qui favorisent les processus digestifs, combattent les ballonnements et les br\u00fblures et aident les processus de r\u00e9paration des d\u00e9licates muqueuses gastriques.<\/p>\n","protected":false},"excerpt":{"rendered":"<p>Ap\u00e9ritifs et d\u00eeners, engagements de travail pour terminer l\u2019ann\u00e9e en cours et planifier l\u2019activit\u00e9 de la nouvelle ann\u00e9e, recherche spasmodique de cadeaux \u00e0 mettre sous le sapin. Comme les jours qui pr\u00e9c\u00e8dent les vacances de No\u00ebl peuvent \u00eatre fatigants ! Quelques r\u00e8gles peuvent suffire \u00e0 limiter les d\u00e9g\u00e2ts sur la sant\u00e9. Evitez de d\u00e9passer pendant&#8230;<\/p>\n","protected":false},"author":4,"featured_media":20261,"comment_status":"closed","ping_status":"closed","sticky":false,"template":"","format":"aside","meta":{"_acf_changed":false,"jetpack_post_was_ever_published":false,"_jetpack_newsletter_access":"","_jetpack_dont_email_post_to_subs":false,"_jetpack_newsletter_tier_id":0,"_jetpack_memberships_contains_paywalled_content":false,"_jetpack_memberships_contains_paid_content":false,"footnotes":"","jetpack_publicize_message":"","jetpack_publicize_feature_enabled":true,"jetpack_social_post_already_shared":true,"jetpack_social_options":{"image_generator_settings":{"template":"highway","enabled":false},"version":2}},"categories":[604],"tags":[789,869,791,761,870,868,800],"class_list":["post-20020","post","type-post","status-publish","format-aside","has-post-thumbnail","hentry","category-non-classifiee","tag-complexe-inosima","tag-digestion","tag-gastro-intestinal","tag-inositolo-fr","tag-manne-complete","tag-mannoli-fr","tag-phytogastrolene","post_format-post-format-aside"],"jetpack_publicize_connections":[],"acf":[],"yoast_head":"<!-- This site is optimized with the Yoast SEO plugin v23.4 - https:\/\/yoast.com\/wordpress\/plugins\/seo\/ -->\n<title>Prot\u00e9gez-vous du stress alimentaire et \u00e9motionnel dans les jours pr\u00e9c\u00e9dant les vacances - Promin<\/title>\n<meta name=\"robots\" content=\"index, follow, max-snippet:-1, max-image-preview:large, max-video-preview:-1\" \/>\n<link rel=\"canonical\" href=\"https:\/\/www.promin.it\/fr\/noel-comment-se-proteger-de-la-nourriture-et-du-stress-emotionnel-dans-les-jours-precedant-les-vacances\/\" \/>\n<meta property=\"og:locale\" content=\"fr_FR\" \/>\n<meta property=\"og:type\" content=\"article\" \/>\n<meta property=\"og:title\" content=\"Prot\u00e9gez-vous du stress alimentaire et \u00e9motionnel dans les jours pr\u00e9c\u00e9dant les vacances - Promin\" \/>\n<meta property=\"og:description\" content=\"Ap\u00e9ritifs et d\u00eeners, engagements de travail pour terminer l\u2019ann\u00e9e en cours et planifier l\u2019activit\u00e9 de la nouvelle ann\u00e9e, recherche spasmodique de cadeaux \u00e0 mettre sous le sapin. Comme les jours qui pr\u00e9c\u00e8dent les vacances de No\u00ebl peuvent \u00eatre fatigants ! Quelques r\u00e8gles peuvent suffire \u00e0 limiter les d\u00e9g\u00e2ts sur la sant\u00e9. Evitez de d\u00e9passer pendant...\" \/>\n<meta property=\"og:url\" content=\"https:\/\/www.promin.it\/fr\/noel-comment-se-proteger-de-la-nourriture-et-du-stress-emotionnel-dans-les-jours-precedant-les-vacances\/\" \/>\n<meta property=\"og:site_name\" content=\"Promin\" \/>\n<meta property=\"article:publisher\" content=\"https:\/\/www.facebook.com\/prominmed\" \/>\n<meta property=\"article:published_time\" content=\"2021-12-12T11:09:16+00:00\" \/>\n<meta property=\"og:image\" content=\"https:\/\/www.promin.it\/wp-content\/uploads\/2019\/01\/feste.jpg\" \/>\n\t<meta property=\"og:image:width\" content=\"719\" \/>\n\t<meta property=\"og:image:height\" content=\"480\" \/>\n\t<meta property=\"og:image:type\" content=\"image\/jpeg\" \/>\n<meta name=\"author\" content=\"Promin\" \/>\n<meta name=\"twitter:card\" content=\"summary_large_image\" \/>\n<script type=\"application\/ld+json\" class=\"yoast-schema-graph\">{\"@context\":\"https:\/\/schema.org\",\"@graph\":[{\"@type\":\"Article\",\"@id\":\"https:\/\/www.promin.it\/fr\/noel-comment-se-proteger-de-la-nourriture-et-du-stress-emotionnel-dans-les-jours-precedant-les-vacances\/#article\",\"isPartOf\":{\"@id\":\"https:\/\/www.promin.it\/fr\/noel-comment-se-proteger-de-la-nourriture-et-du-stress-emotionnel-dans-les-jours-precedant-les-vacances\/\"},\"author\":{\"name\":\"Promin\",\"@id\":\"https:\/\/www.promin.it\/#\/schema\/person\/5300bbb9723a95b31f4f19fcccc5fa91\"},\"headline\":\"Prot\u00e9gez-vous du stress alimentaire et \u00e9motionnel dans les jours pr\u00e9c\u00e9dant les vacances\",\"datePublished\":\"2021-12-12T11:09:16+00:00\",\"dateModified\":\"2021-12-12T11:09:16+00:00\",\"mainEntityOfPage\":{\"@id\":\"https:\/\/www.promin.it\/fr\/noel-comment-se-proteger-de-la-nourriture-et-du-stress-emotionnel-dans-les-jours-precedant-les-vacances\/\"},\"wordCount\":378,\"publisher\":{\"@id\":\"https:\/\/www.promin.it\/#organization\"},\"image\":{\"@id\":\"https:\/\/www.promin.it\/fr\/noel-comment-se-proteger-de-la-nourriture-et-du-stress-emotionnel-dans-les-jours-precedant-les-vacances\/#primaryimage\"},\"thumbnailUrl\":\"https:\/\/www.promin.it\/wp-content\/uploads\/2021\/12\/feste.webp\",\"keywords\":[\"Complexe Inosima\",\"Digestion\",\"Gastro-intestinal\",\"Inositolo\",\"manne compl\u00e8te\",\"Mannol\u00ec\",\"PHYtogastrol\u00e8ne\"],\"articleSection\":[\"Non classifi\u00e9(e)\"],\"inLanguage\":\"fr-FR\"},{\"@type\":\"WebPage\",\"@id\":\"https:\/\/www.promin.it\/fr\/noel-comment-se-proteger-de-la-nourriture-et-du-stress-emotionnel-dans-les-jours-precedant-les-vacances\/\",\"url\":\"https:\/\/www.promin.it\/fr\/noel-comment-se-proteger-de-la-nourriture-et-du-stress-emotionnel-dans-les-jours-precedant-les-vacances\/\",\"name\":\"Prot\u00e9gez-vous du stress alimentaire et \u00e9motionnel dans les jours pr\u00e9c\u00e9dant les vacances - Promin\",\"isPartOf\":{\"@id\":\"https:\/\/www.promin.it\/#website\"},\"primaryImageOfPage\":{\"@id\":\"https:\/\/www.promin.it\/fr\/noel-comment-se-proteger-de-la-nourriture-et-du-stress-emotionnel-dans-les-jours-precedant-les-vacances\/#primaryimage\"},\"image\":{\"@id\":\"https:\/\/www.promin.it\/fr\/noel-comment-se-proteger-de-la-nourriture-et-du-stress-emotionnel-dans-les-jours-precedant-les-vacances\/#primaryimage\"},\"thumbnailUrl\":\"https:\/\/www.promin.it\/wp-content\/uploads\/2021\/12\/feste.webp\",\"datePublished\":\"2021-12-12T11:09:16+00:00\",\"dateModified\":\"2021-12-12T11:09:16+00:00\",\"breadcrumb\":{\"@id\":\"https:\/\/www.promin.it\/fr\/noel-comment-se-proteger-de-la-nourriture-et-du-stress-emotionnel-dans-les-jours-precedant-les-vacances\/#breadcrumb\"},\"inLanguage\":\"fr-FR\",\"potentialAction\":[{\"@type\":\"ReadAction\",\"target\":[\"https:\/\/www.promin.it\/fr\/noel-comment-se-proteger-de-la-nourriture-et-du-stress-emotionnel-dans-les-jours-precedant-les-vacances\/\"]}]},{\"@type\":\"ImageObject\",\"inLanguage\":\"fr-FR\",\"@id\":\"https:\/\/www.promin.it\/fr\/noel-comment-se-proteger-de-la-nourriture-et-du-stress-emotionnel-dans-les-jours-precedant-les-vacances\/#primaryimage\",\"url\":\"https:\/\/www.promin.it\/wp-content\/uploads\/2021\/12\/feste.webp\",\"contentUrl\":\"https:\/\/www.promin.it\/wp-content\/uploads\/2021\/12\/feste.webp\",\"width\":719,\"height\":480},{\"@type\":\"BreadcrumbList\",\"@id\":\"https:\/\/www.promin.it\/fr\/noel-comment-se-proteger-de-la-nourriture-et-du-stress-emotionnel-dans-les-jours-precedant-les-vacances\/#breadcrumb\",\"itemListElement\":[{\"@type\":\"ListItem\",\"position\":1,\"name\":\"Accueil\",\"item\":\"https:\/\/www.promin.it\/fr\/\"},{\"@type\":\"ListItem\",\"position\":2,\"name\":\"Prot\u00e9gez-vous du stress alimentaire et \u00e9motionnel dans les jours pr\u00e9c\u00e9dant les vacances\"}]},{\"@type\":\"WebSite\",\"@id\":\"https:\/\/www.promin.it\/#website\",\"url\":\"https:\/\/www.promin.it\/\",\"name\":\"Promin\",\"description\":\"Prodotti Medicina Integrata\",\"publisher\":{\"@id\":\"https:\/\/www.promin.it\/#organization\"},\"potentialAction\":[{\"@type\":\"SearchAction\",\"target\":{\"@type\":\"EntryPoint\",\"urlTemplate\":\"https:\/\/www.promin.it\/?s={search_term_string}\"},\"query-input\":{\"@type\":\"PropertyValueSpecification\",\"valueRequired\":true,\"valueName\":\"search_term_string\"}}],\"inLanguage\":\"fr-FR\"},{\"@type\":\"Organization\",\"@id\":\"https:\/\/www.promin.it\/#organization\",\"name\":\"Promin Srl\",\"alternateName\":\"Promin - Prodotti Medicina Integrata\",\"url\":\"https:\/\/www.promin.it\/\",\"logo\":{\"@type\":\"ImageObject\",\"inLanguage\":\"fr-FR\",\"@id\":\"https:\/\/www.promin.it\/#\/schema\/logo\/image\/\",\"url\":\"https:\/\/www.promin.it\/wp-content\/uploads\/2024\/11\/logo-promin-seo.jpg\",\"contentUrl\":\"https:\/\/www.promin.it\/wp-content\/uploads\/2024\/11\/logo-promin-seo.jpg\",\"width\":512,\"height\":512,\"caption\":\"Promin Srl\"},\"image\":{\"@id\":\"https:\/\/www.promin.it\/#\/schema\/logo\/image\/\"},\"sameAs\":[\"https:\/\/www.facebook.com\/prominmed\",\"https:\/\/www.instagram.com\/promin_medicina_integrata\/\",\"https:\/\/www.linkedin.com\/company\/promin-prodotti-medicina-integrata\/\"]},{\"@type\":\"Person\",\"@id\":\"https:\/\/www.promin.it\/#\/schema\/person\/5300bbb9723a95b31f4f19fcccc5fa91\",\"name\":\"Promin\"}]}<\/script>\n<!-- \/ Yoast SEO plugin. -->","yoast_head_json":{"title":"Prot\u00e9gez-vous du stress alimentaire et \u00e9motionnel dans les jours pr\u00e9c\u00e9dant les vacances - Promin","robots":{"index":"index","follow":"follow","max-snippet":"max-snippet:-1","max-image-preview":"max-image-preview:large","max-video-preview":"max-video-preview:-1"},"canonical":"https:\/\/www.promin.it\/fr\/noel-comment-se-proteger-de-la-nourriture-et-du-stress-emotionnel-dans-les-jours-precedant-les-vacances\/","og_locale":"fr_FR","og_type":"article","og_title":"Prot\u00e9gez-vous du stress alimentaire et \u00e9motionnel dans les jours pr\u00e9c\u00e9dant les vacances - Promin","og_description":"Ap\u00e9ritifs et d\u00eeners, engagements de travail pour terminer l\u2019ann\u00e9e en cours et planifier l\u2019activit\u00e9 de la nouvelle ann\u00e9e, recherche spasmodique de cadeaux \u00e0 mettre sous le sapin. Comme les jours qui pr\u00e9c\u00e8dent les vacances de No\u00ebl peuvent \u00eatre fatigants ! Quelques r\u00e8gles peuvent suffire \u00e0 limiter les d\u00e9g\u00e2ts sur la sant\u00e9. Evitez de d\u00e9passer pendant...","og_url":"https:\/\/www.promin.it\/fr\/noel-comment-se-proteger-de-la-nourriture-et-du-stress-emotionnel-dans-les-jours-precedant-les-vacances\/","og_site_name":"Promin","article_publisher":"https:\/\/www.facebook.com\/prominmed","article_published_time":"2021-12-12T11:09:16+00:00","og_image":[{"width":719,"height":480,"url":"https:\/\/www.promin.it\/wp-content\/uploads\/2019\/01\/feste.jpg","type":"image\/jpeg"}],"author":"Promin","twitter_card":"summary_large_image","schema":{"@context":"https:\/\/schema.org","@graph":[{"@type":"Article","@id":"https:\/\/www.promin.it\/fr\/noel-comment-se-proteger-de-la-nourriture-et-du-stress-emotionnel-dans-les-jours-precedant-les-vacances\/#article","isPartOf":{"@id":"https:\/\/www.promin.it\/fr\/noel-comment-se-proteger-de-la-nourriture-et-du-stress-emotionnel-dans-les-jours-precedant-les-vacances\/"},"author":{"name":"Promin","@id":"https:\/\/www.promin.it\/#\/schema\/person\/5300bbb9723a95b31f4f19fcccc5fa91"},"headline":"Prot\u00e9gez-vous du stress alimentaire et \u00e9motionnel dans les jours pr\u00e9c\u00e9dant les vacances","datePublished":"2021-12-12T11:09:16+00:00","dateModified":"2021-12-12T11:09:16+00:00","mainEntityOfPage":{"@id":"https:\/\/www.promin.it\/fr\/noel-comment-se-proteger-de-la-nourriture-et-du-stress-emotionnel-dans-les-jours-precedant-les-vacances\/"},"wordCount":378,"publisher":{"@id":"https:\/\/www.promin.it\/#organization"},"image":{"@id":"https:\/\/www.promin.it\/fr\/noel-comment-se-proteger-de-la-nourriture-et-du-stress-emotionnel-dans-les-jours-precedant-les-vacances\/#primaryimage"},"thumbnailUrl":"https:\/\/www.promin.it\/wp-content\/uploads\/2021\/12\/feste.webp","keywords":["Complexe Inosima","Digestion","Gastro-intestinal","Inositolo","manne compl\u00e8te","Mannol\u00ec","PHYtogastrol\u00e8ne"],"articleSection":["Non classifi\u00e9(e)"],"inLanguage":"fr-FR"},{"@type":"WebPage","@id":"https:\/\/www.promin.it\/fr\/noel-comment-se-proteger-de-la-nourriture-et-du-stress-emotionnel-dans-les-jours-precedant-les-vacances\/","url":"https:\/\/www.promin.it\/fr\/noel-comment-se-proteger-de-la-nourriture-et-du-stress-emotionnel-dans-les-jours-precedant-les-vacances\/","name":"Prot\u00e9gez-vous du stress alimentaire et \u00e9motionnel dans les jours pr\u00e9c\u00e9dant les vacances - Promin","isPartOf":{"@id":"https:\/\/www.promin.it\/#website"},"primaryImageOfPage":{"@id":"https:\/\/www.promin.it\/fr\/noel-comment-se-proteger-de-la-nourriture-et-du-stress-emotionnel-dans-les-jours-precedant-les-vacances\/#primaryimage"},"image":{"@id":"https:\/\/www.promin.it\/fr\/noel-comment-se-proteger-de-la-nourriture-et-du-stress-emotionnel-dans-les-jours-precedant-les-vacances\/#primaryimage"},"thumbnailUrl":"https:\/\/www.promin.it\/wp-content\/uploads\/2021\/12\/feste.webp","datePublished":"2021-12-12T11:09:16+00:00","dateModified":"2021-12-12T11:09:16+00:00","breadcrumb":{"@id":"https:\/\/www.promin.it\/fr\/noel-comment-se-proteger-de-la-nourriture-et-du-stress-emotionnel-dans-les-jours-precedant-les-vacances\/#breadcrumb"},"inLanguage":"fr-FR","potentialAction":[{"@type":"ReadAction","target":["https:\/\/www.promin.it\/fr\/noel-comment-se-proteger-de-la-nourriture-et-du-stress-emotionnel-dans-les-jours-precedant-les-vacances\/"]}]},{"@type":"ImageObject","inLanguage":"fr-FR","@id":"https:\/\/www.promin.it\/fr\/noel-comment-se-proteger-de-la-nourriture-et-du-stress-emotionnel-dans-les-jours-precedant-les-vacances\/#primaryimage","url":"https:\/\/www.promin.it\/wp-content\/uploads\/2021\/12\/feste.webp","contentUrl":"https:\/\/www.promin.it\/wp-content\/uploads\/2021\/12\/feste.webp","width":719,"height":480},{"@type":"BreadcrumbList","@id":"https:\/\/www.promin.it\/fr\/noel-comment-se-proteger-de-la-nourriture-et-du-stress-emotionnel-dans-les-jours-precedant-les-vacances\/#breadcrumb","itemListElement":[{"@type":"ListItem","position":1,"name":"Accueil","item":"https:\/\/www.promin.it\/fr\/"},{"@type":"ListItem","position":2,"name":"Prot\u00e9gez-vous du stress alimentaire et \u00e9motionnel dans les jours pr\u00e9c\u00e9dant les vacances"}]},{"@type":"WebSite","@id":"https:\/\/www.promin.it\/#website","url":"https:\/\/www.promin.it\/","name":"Promin","description":"Prodotti Medicina Integrata","publisher":{"@id":"https:\/\/www.promin.it\/#organization"},"potentialAction":[{"@type":"SearchAction","target":{"@type":"EntryPoint","urlTemplate":"https:\/\/www.promin.it\/?s={search_term_string}"},"query-input":{"@type":"PropertyValueSpecification","valueRequired":true,"valueName":"search_term_string"}}],"inLanguage":"fr-FR"},{"@type":"Organization","@id":"https:\/\/www.promin.it\/#organization","name":"Promin Srl","alternateName":"Promin - Prodotti Medicina Integrata","url":"https:\/\/www.promin.it\/","logo":{"@type":"ImageObject","inLanguage":"fr-FR","@id":"https:\/\/www.promin.it\/#\/schema\/logo\/image\/","url":"https:\/\/www.promin.it\/wp-content\/uploads\/2024\/11\/logo-promin-seo.jpg","contentUrl":"https:\/\/www.promin.it\/wp-content\/uploads\/2024\/11\/logo-promin-seo.jpg","width":512,"height":512,"caption":"Promin Srl"},"image":{"@id":"https:\/\/www.promin.it\/#\/schema\/logo\/image\/"},"sameAs":["https:\/\/www.facebook.com\/prominmed","https:\/\/www.instagram.com\/promin_medicina_integrata\/","https:\/\/www.linkedin.com\/company\/promin-prodotti-medicina-integrata\/"]},{"@type":"Person","@id":"https:\/\/www.promin.it\/#\/schema\/person\/5300bbb9723a95b31f4f19fcccc5fa91","name":"Promin"}]}},"jetpack_featured_media_url":"https:\/\/www.promin.it\/wp-content\/uploads\/2021\/12\/feste.webp","jetpack_sharing_enabled":true,"jetpack_shortlink":"https:\/\/wp.me\/paiRmh-5cU","_links":{"self":[{"href":"https:\/\/www.promin.it\/fr\/wp-json\/wp\/v2\/posts\/20020"}],"collection":[{"href":"https:\/\/www.promin.it\/fr\/wp-json\/wp\/v2\/posts"}],"about":[{"href":"https:\/\/www.promin.it\/fr\/wp-json\/wp\/v2\/types\/post"}],"author":[{"embeddable":true,"href":"https:\/\/www.promin.it\/fr\/wp-json\/wp\/v2\/users\/4"}],"replies":[{"embeddable":true,"href":"https:\/\/www.promin.it\/fr\/wp-json\/wp\/v2\/comments?post=20020"}],"version-history":[{"count":0,"href":"https:\/\/www.promin.it\/fr\/wp-json\/wp\/v2\/posts\/20020\/revisions"}],"wp:featuredmedia":[{"embeddable":true,"href":"https:\/\/www.promin.it\/fr\/wp-json\/wp\/v2\/media\/20261"}],"wp:attachment":[{"href":"https:\/\/www.promin.it\/fr\/wp-json\/wp\/v2\/media?parent=20020"}],"wp:term":[{"taxonomy":"category","embeddable":true,"href":"https:\/\/www.promin.it\/fr\/wp-json\/wp\/v2\/categories?post=20020"},{"taxonomy":"post_tag","embeddable":true,"href":"https:\/\/www.promin.it\/fr\/wp-json\/wp\/v2\/tags?post=20020"}],"curies":[{"name":"wp","href":"https:\/\/api.w.org\/{rel}","templated":true}]}}