{"id":20021,"date":"2021-10-26T10:55:39","date_gmt":"2021-10-26T08:55:39","guid":{"rendered":"https:\/\/www.promin.it\/humeur-automnale-dedans-dans-et-irregulier-sommeil\/"},"modified":"2024-12-12T16:48:12","modified_gmt":"2024-12-12T15:48:12","slug":"humeur-automnale-dedans-dans-et-irregulier-sommeil","status":"publish","type":"post","link":"https:\/\/www.promin.it\/fr\/humeur-automnale-dedans-dans-et-irregulier-sommeil\/","title":{"rendered":"L\u2019automne, humeur d\u00e9pressive et sommeil irr\u00e9gulier"},"content":{"rendered":"<h4><strong>Combattons-les avec InoSAMe Brain, des comprim\u00e9s orodispersibles brevet\u00e9s de SAMe, d\u2019Inositol et de Magn\u00e9sium<\/strong><\/h4>\n<p><img decoding=\"async\" class=\"alignnone size-full wp-image-17714\" src=\"https:\/\/www.promin.it\/wp-content\/uploads\/2023\/06\/ansia-1.webp\" alt=\"\" width=\"300\" height=\"225\" \/><\/p>\n<p><a class=\"w-btn us-btn-style_2 usg_btn_1\" href=\"\/prodotto\/inosame-brain-2\/\">Id\u00e9es<\/a><\/p>\n<p>Dans<strong> InoSAMe Brain <\/strong>l\u2019effet combin\u00e9 des vitamines, des min\u00e9raux, des nutriments fonctionnels pour contrer naturellement la d\u00e9pression, l\u2019anxi\u00e9t\u00e9, le sommeil irr\u00e9gulier. SAMe, INOSITOL et MAGN\u00c9SIUM ne sont pas des m\u00e9dicaments, mais des vitamines, des min\u00e9raux et des nutriments fonctionnels utiles pour soutenir l\u2019humeur, soutenir le m\u00e9tabolisme c\u00e9r\u00e9bral, optimiser les fonctions mentales, favoriser un sommeil r\u00e9gulier.<\/p>\n<h3><strong>Humeur et syst\u00e8me immunitaire<\/strong><\/h3>\n<p>N\u2019oubliez pas que les troubles<strong>de l\u2019humeur, les troubles du stress, la peur et la panique, un sentiment d\u2019ins\u00e9curit\u00e9<\/strong> <strong>et d\u2019inconfort, la tristesse, un sommeil perturb\u00e9, en plus de d\u00e9t\u00e9riorer la qualit\u00e9 de vie, sont de puissants immunosuppresseurs <\/strong>qui peuvent endommager le syst\u00e8me immunitaire et les d\u00e9fenses, vous rendant plus fragile et expos\u00e9 aux maladies d\u00e9g\u00e9n\u00e9ratives, aux virus, aux bact\u00e9ries, etc.<\/p>\n<h3><strong>InoSAMe Brain par Promin<\/strong><\/h3>\n<p>InoSAMe Brain est l\u2019aboutissement d\u2019\u00e9tudes cliniques sur les diff\u00e9rents composants du produit et leur synergie. La technologie brevet\u00e9e des comprim\u00e9s, qui sont sans sucre, optimise la biodisponibilit\u00e9 des ingr\u00e9dients actifs et leur effet combin\u00e9.<\/p>\n<p><img decoding=\"async\" class=\"alignnone size-full wp-image-17691\" src=\"https:\/\/www.promin.it\/wp-content\/uploads\/2024\/04\/INOSAME-BRAIN-ADV-scaled-1.webp\" alt=\"\" width=\"517\" height=\"586\" srcset=\"https:\/\/www.promin.it\/wp-content\/uploads\/2024\/04\/INOSAME-BRAIN-ADV-scaled-1.webp 517w, https:\/\/www.promin.it\/wp-content\/uploads\/2024\/04\/INOSAME-BRAIN-ADV-scaled-1-265x300.webp 265w\" sizes=\"(max-width: 517px) 100vw, 517px\" \/><\/p>\n<p><a class=\"w-btn us-btn-style_2 usg_btn_1\" href=\"\/prodotto\/inosame-brain-pacchetto-protezione-umore\/\">Id\u00e9es<\/a><\/p>\n","protected":false},"excerpt":{"rendered":"<p>Combattons-les avec InoSAMe Brain, des comprim\u00e9s orodispersibles brevet\u00e9s de SAMe, d\u2019Inositol et de Magn\u00e9sium Id\u00e9es Dans InoSAMe Brain l\u2019effet combin\u00e9 des vitamines, des min\u00e9raux, des nutriments fonctionnels pour contrer naturellement la d\u00e9pression, l\u2019anxi\u00e9t\u00e9, le sommeil irr\u00e9gulier. SAMe, INOSITOL et MAGN\u00c9SIUM ne sont pas des m\u00e9dicaments, mais des vitamines, des min\u00e9raux et des nutriments fonctionnels utiles&#8230;<\/p>\n","protected":false},"author":4,"featured_media":20244,"comment_status":"closed","ping_status":"closed","sticky":false,"template":"","format":"aside","meta":{"_acf_changed":false,"jetpack_post_was_ever_published":false,"_jetpack_newsletter_access":"","_jetpack_dont_email_post_to_subs":false,"_jetpack_newsletter_tier_id":0,"_jetpack_memberships_contains_paywalled_content":false,"_jetpack_memberships_contains_paid_content":false,"footnotes":"","jetpack_publicize_message":"","jetpack_publicize_feature_enabled":true,"jetpack_social_post_already_shared":true,"jetpack_social_options":{"image_generator_settings":{"template":"highway","enabled":false},"version":2}},"categories":[604],"tags":[828,871,806,761,805,809,807,808],"class_list":["post-20021","post","type-post","status-publish","format-aside","has-post-thumbnail","hentry","category-non-classifiee","tag-anxiete","tag-attaques-de-panique","tag-inosame-cerveau","tag-inositolo-fr","tag-magnesium","tag-meme","tag-systeme-nerveux-central","tag-troubles-de-lhumeur","post_format-post-format-aside"],"jetpack_publicize_connections":[],"acf":[],"yoast_head":"<!-- This site is optimized with the Yoast SEO plugin v23.4 - https:\/\/yoast.com\/wordpress\/plugins\/seo\/ -->\n<title>Humeur Automnale et Sommeil Irr\u00e9gulier : Solutions Naturelles | Promin<\/title>\n<meta name=\"description\" content=\"Solutions naturelles pour l\u2019humeur automnale et le sommeil irr\u00e9gulier. Am\u00e9liorez votre bien-\u00eatre mental avec nos produits adapt\u00e9s.\" \/>\n<meta name=\"robots\" content=\"index, follow, max-snippet:-1, max-image-preview:large, max-video-preview:-1\" \/>\n<link rel=\"canonical\" href=\"https:\/\/www.promin.it\/fr\/humeur-automnale-dedans-dans-et-irregulier-sommeil\/\" \/>\n<meta property=\"og:locale\" content=\"fr_FR\" \/>\n<meta property=\"og:type\" content=\"article\" \/>\n<meta property=\"og:title\" content=\"Humeur Automnale et Sommeil Irr\u00e9gulier : Solutions Naturelles | Promin\" \/>\n<meta property=\"og:description\" content=\"Solutions naturelles pour l\u2019humeur automnale et le sommeil irr\u00e9gulier. Am\u00e9liorez votre bien-\u00eatre mental avec nos produits adapt\u00e9s.\" \/>\n<meta property=\"og:url\" content=\"https:\/\/www.promin.it\/fr\/humeur-automnale-dedans-dans-et-irregulier-sommeil\/\" \/>\n<meta property=\"og:site_name\" content=\"Promin\" \/>\n<meta property=\"article:publisher\" content=\"https:\/\/www.facebook.com\/prominmed\" \/>\n<meta property=\"article:published_time\" content=\"2021-10-26T08:55:39+00:00\" \/>\n<meta property=\"article:modified_time\" content=\"2024-12-12T15:48:12+00:00\" \/>\n<meta property=\"og:image\" content=\"https:\/\/www.promin.it\/wp-content\/uploads\/2021\/10\/woman-3275328_1280.webp\" \/>\n\t<meta property=\"og:image:width\" content=\"1280\" \/>\n\t<meta property=\"og:image:height\" content=\"960\" \/>\n\t<meta property=\"og:image:type\" content=\"image\/webp\" \/>\n<meta name=\"author\" content=\"Promin\" \/>\n<meta name=\"twitter:card\" content=\"summary_large_image\" \/>\n<script type=\"application\/ld+json\" class=\"yoast-schema-graph\">{\"@context\":\"https:\/\/schema.org\",\"@graph\":[{\"@type\":\"Article\",\"@id\":\"https:\/\/www.promin.it\/fr\/humeur-automnale-dedans-dans-et-irregulier-sommeil\/#article\",\"isPartOf\":{\"@id\":\"https:\/\/www.promin.it\/fr\/humeur-automnale-dedans-dans-et-irregulier-sommeil\/\"},\"author\":{\"name\":\"Promin\",\"@id\":\"https:\/\/www.promin.it\/#\/schema\/person\/5300bbb9723a95b31f4f19fcccc5fa91\"},\"headline\":\"L\u2019automne, humeur d\u00e9pressive et sommeil irr\u00e9gulier\",\"datePublished\":\"2021-10-26T08:55:39+00:00\",\"dateModified\":\"2024-12-12T15:48:12+00:00\",\"mainEntityOfPage\":{\"@id\":\"https:\/\/www.promin.it\/fr\/humeur-automnale-dedans-dans-et-irregulier-sommeil\/\"},\"wordCount\":222,\"publisher\":{\"@id\":\"https:\/\/www.promin.it\/#organization\"},\"image\":{\"@id\":\"https:\/\/www.promin.it\/fr\/humeur-automnale-dedans-dans-et-irregulier-sommeil\/#primaryimage\"},\"thumbnailUrl\":\"https:\/\/www.promin.it\/wp-content\/uploads\/2021\/10\/woman-3275328_1280.webp\",\"keywords\":[\"anxi\u00e9t\u00e9\",\"Attaques de panique\",\"InoSAMe Cerveau\",\"Inositolo\",\"Magn\u00e9sium\",\"M\u00eame\",\"Syst\u00e8me nerveux central\",\"Troubles de l\u2019humeur\"],\"articleSection\":[\"Non classifi\u00e9(e)\"],\"inLanguage\":\"fr-FR\"},{\"@type\":\"WebPage\",\"@id\":\"https:\/\/www.promin.it\/fr\/humeur-automnale-dedans-dans-et-irregulier-sommeil\/\",\"url\":\"https:\/\/www.promin.it\/fr\/humeur-automnale-dedans-dans-et-irregulier-sommeil\/\",\"name\":\"Humeur Automnale et Sommeil Irr\u00e9gulier : Solutions Naturelles | Promin\",\"isPartOf\":{\"@id\":\"https:\/\/www.promin.it\/#website\"},\"primaryImageOfPage\":{\"@id\":\"https:\/\/www.promin.it\/fr\/humeur-automnale-dedans-dans-et-irregulier-sommeil\/#primaryimage\"},\"image\":{\"@id\":\"https:\/\/www.promin.it\/fr\/humeur-automnale-dedans-dans-et-irregulier-sommeil\/#primaryimage\"},\"thumbnailUrl\":\"https:\/\/www.promin.it\/wp-content\/uploads\/2021\/10\/woman-3275328_1280.webp\",\"datePublished\":\"2021-10-26T08:55:39+00:00\",\"dateModified\":\"2024-12-12T15:48:12+00:00\",\"description\":\"Solutions naturelles pour l\u2019humeur automnale et le sommeil irr\u00e9gulier. Am\u00e9liorez votre bien-\u00eatre mental avec nos produits adapt\u00e9s.\",\"breadcrumb\":{\"@id\":\"https:\/\/www.promin.it\/fr\/humeur-automnale-dedans-dans-et-irregulier-sommeil\/#breadcrumb\"},\"inLanguage\":\"fr-FR\",\"potentialAction\":[{\"@type\":\"ReadAction\",\"target\":[\"https:\/\/www.promin.it\/fr\/humeur-automnale-dedans-dans-et-irregulier-sommeil\/\"]}]},{\"@type\":\"ImageObject\",\"inLanguage\":\"fr-FR\",\"@id\":\"https:\/\/www.promin.it\/fr\/humeur-automnale-dedans-dans-et-irregulier-sommeil\/#primaryimage\",\"url\":\"https:\/\/www.promin.it\/wp-content\/uploads\/2021\/10\/woman-3275328_1280.webp\",\"contentUrl\":\"https:\/\/www.promin.it\/wp-content\/uploads\/2021\/10\/woman-3275328_1280.webp\",\"width\":1280,\"height\":960},{\"@type\":\"BreadcrumbList\",\"@id\":\"https:\/\/www.promin.it\/fr\/humeur-automnale-dedans-dans-et-irregulier-sommeil\/#breadcrumb\",\"itemListElement\":[{\"@type\":\"ListItem\",\"position\":1,\"name\":\"Accueil\",\"item\":\"https:\/\/www.promin.it\/fr\/\"},{\"@type\":\"ListItem\",\"position\":2,\"name\":\"L\u2019automne, humeur d\u00e9pressive et sommeil irr\u00e9gulier\"}]},{\"@type\":\"WebSite\",\"@id\":\"https:\/\/www.promin.it\/#website\",\"url\":\"https:\/\/www.promin.it\/\",\"name\":\"Promin\",\"description\":\"Prodotti Medicina Integrata\",\"publisher\":{\"@id\":\"https:\/\/www.promin.it\/#organization\"},\"potentialAction\":[{\"@type\":\"SearchAction\",\"target\":{\"@type\":\"EntryPoint\",\"urlTemplate\":\"https:\/\/www.promin.it\/?s={search_term_string}\"},\"query-input\":{\"@type\":\"PropertyValueSpecification\",\"valueRequired\":true,\"valueName\":\"search_term_string\"}}],\"inLanguage\":\"fr-FR\"},{\"@type\":\"Organization\",\"@id\":\"https:\/\/www.promin.it\/#organization\",\"name\":\"Promin Srl\",\"alternateName\":\"Promin - Prodotti Medicina Integrata\",\"url\":\"https:\/\/www.promin.it\/\",\"logo\":{\"@type\":\"ImageObject\",\"inLanguage\":\"fr-FR\",\"@id\":\"https:\/\/www.promin.it\/#\/schema\/logo\/image\/\",\"url\":\"https:\/\/www.promin.it\/wp-content\/uploads\/2024\/11\/logo-promin-seo.jpg\",\"contentUrl\":\"https:\/\/www.promin.it\/wp-content\/uploads\/2024\/11\/logo-promin-seo.jpg\",\"width\":512,\"height\":512,\"caption\":\"Promin Srl\"},\"image\":{\"@id\":\"https:\/\/www.promin.it\/#\/schema\/logo\/image\/\"},\"sameAs\":[\"https:\/\/www.facebook.com\/prominmed\",\"https:\/\/www.instagram.com\/promin_medicina_integrata\/\",\"https:\/\/www.linkedin.com\/company\/promin-prodotti-medicina-integrata\/\"]},{\"@type\":\"Person\",\"@id\":\"https:\/\/www.promin.it\/#\/schema\/person\/5300bbb9723a95b31f4f19fcccc5fa91\",\"name\":\"Promin\"}]}<\/script>\n<!-- \/ Yoast SEO plugin. -->","yoast_head_json":{"title":"Humeur Automnale et Sommeil Irr\u00e9gulier : Solutions Naturelles | Promin","description":"Solutions naturelles pour l\u2019humeur automnale et le sommeil irr\u00e9gulier. Am\u00e9liorez votre bien-\u00eatre mental avec nos produits adapt\u00e9s.","robots":{"index":"index","follow":"follow","max-snippet":"max-snippet:-1","max-image-preview":"max-image-preview:large","max-video-preview":"max-video-preview:-1"},"canonical":"https:\/\/www.promin.it\/fr\/humeur-automnale-dedans-dans-et-irregulier-sommeil\/","og_locale":"fr_FR","og_type":"article","og_title":"Humeur Automnale et Sommeil Irr\u00e9gulier : Solutions Naturelles | Promin","og_description":"Solutions naturelles pour l\u2019humeur automnale et le sommeil irr\u00e9gulier. Am\u00e9liorez votre bien-\u00eatre mental avec nos produits adapt\u00e9s.","og_url":"https:\/\/www.promin.it\/fr\/humeur-automnale-dedans-dans-et-irregulier-sommeil\/","og_site_name":"Promin","article_publisher":"https:\/\/www.facebook.com\/prominmed","article_published_time":"2021-10-26T08:55:39+00:00","article_modified_time":"2024-12-12T15:48:12+00:00","og_image":[{"width":1280,"height":960,"url":"https:\/\/www.promin.it\/wp-content\/uploads\/2021\/10\/woman-3275328_1280.webp","type":"image\/webp"}],"author":"Promin","twitter_card":"summary_large_image","schema":{"@context":"https:\/\/schema.org","@graph":[{"@type":"Article","@id":"https:\/\/www.promin.it\/fr\/humeur-automnale-dedans-dans-et-irregulier-sommeil\/#article","isPartOf":{"@id":"https:\/\/www.promin.it\/fr\/humeur-automnale-dedans-dans-et-irregulier-sommeil\/"},"author":{"name":"Promin","@id":"https:\/\/www.promin.it\/#\/schema\/person\/5300bbb9723a95b31f4f19fcccc5fa91"},"headline":"L\u2019automne, humeur d\u00e9pressive et sommeil irr\u00e9gulier","datePublished":"2021-10-26T08:55:39+00:00","dateModified":"2024-12-12T15:48:12+00:00","mainEntityOfPage":{"@id":"https:\/\/www.promin.it\/fr\/humeur-automnale-dedans-dans-et-irregulier-sommeil\/"},"wordCount":222,"publisher":{"@id":"https:\/\/www.promin.it\/#organization"},"image":{"@id":"https:\/\/www.promin.it\/fr\/humeur-automnale-dedans-dans-et-irregulier-sommeil\/#primaryimage"},"thumbnailUrl":"https:\/\/www.promin.it\/wp-content\/uploads\/2021\/10\/woman-3275328_1280.webp","keywords":["anxi\u00e9t\u00e9","Attaques de panique","InoSAMe Cerveau","Inositolo","Magn\u00e9sium","M\u00eame","Syst\u00e8me nerveux central","Troubles de l\u2019humeur"],"articleSection":["Non classifi\u00e9(e)"],"inLanguage":"fr-FR"},{"@type":"WebPage","@id":"https:\/\/www.promin.it\/fr\/humeur-automnale-dedans-dans-et-irregulier-sommeil\/","url":"https:\/\/www.promin.it\/fr\/humeur-automnale-dedans-dans-et-irregulier-sommeil\/","name":"Humeur Automnale et Sommeil Irr\u00e9gulier : Solutions Naturelles | Promin","isPartOf":{"@id":"https:\/\/www.promin.it\/#website"},"primaryImageOfPage":{"@id":"https:\/\/www.promin.it\/fr\/humeur-automnale-dedans-dans-et-irregulier-sommeil\/#primaryimage"},"image":{"@id":"https:\/\/www.promin.it\/fr\/humeur-automnale-dedans-dans-et-irregulier-sommeil\/#primaryimage"},"thumbnailUrl":"https:\/\/www.promin.it\/wp-content\/uploads\/2021\/10\/woman-3275328_1280.webp","datePublished":"2021-10-26T08:55:39+00:00","dateModified":"2024-12-12T15:48:12+00:00","description":"Solutions naturelles pour l\u2019humeur automnale et le sommeil irr\u00e9gulier. Am\u00e9liorez votre bien-\u00eatre mental avec nos produits adapt\u00e9s.","breadcrumb":{"@id":"https:\/\/www.promin.it\/fr\/humeur-automnale-dedans-dans-et-irregulier-sommeil\/#breadcrumb"},"inLanguage":"fr-FR","potentialAction":[{"@type":"ReadAction","target":["https:\/\/www.promin.it\/fr\/humeur-automnale-dedans-dans-et-irregulier-sommeil\/"]}]},{"@type":"ImageObject","inLanguage":"fr-FR","@id":"https:\/\/www.promin.it\/fr\/humeur-automnale-dedans-dans-et-irregulier-sommeil\/#primaryimage","url":"https:\/\/www.promin.it\/wp-content\/uploads\/2021\/10\/woman-3275328_1280.webp","contentUrl":"https:\/\/www.promin.it\/wp-content\/uploads\/2021\/10\/woman-3275328_1280.webp","width":1280,"height":960},{"@type":"BreadcrumbList","@id":"https:\/\/www.promin.it\/fr\/humeur-automnale-dedans-dans-et-irregulier-sommeil\/#breadcrumb","itemListElement":[{"@type":"ListItem","position":1,"name":"Accueil","item":"https:\/\/www.promin.it\/fr\/"},{"@type":"ListItem","position":2,"name":"L\u2019automne, humeur d\u00e9pressive et sommeil irr\u00e9gulier"}]},{"@type":"WebSite","@id":"https:\/\/www.promin.it\/#website","url":"https:\/\/www.promin.it\/","name":"Promin","description":"Prodotti Medicina Integrata","publisher":{"@id":"https:\/\/www.promin.it\/#organization"},"potentialAction":[{"@type":"SearchAction","target":{"@type":"EntryPoint","urlTemplate":"https:\/\/www.promin.it\/?s={search_term_string}"},"query-input":{"@type":"PropertyValueSpecification","valueRequired":true,"valueName":"search_term_string"}}],"inLanguage":"fr-FR"},{"@type":"Organization","@id":"https:\/\/www.promin.it\/#organization","name":"Promin Srl","alternateName":"Promin - Prodotti Medicina Integrata","url":"https:\/\/www.promin.it\/","logo":{"@type":"ImageObject","inLanguage":"fr-FR","@id":"https:\/\/www.promin.it\/#\/schema\/logo\/image\/","url":"https:\/\/www.promin.it\/wp-content\/uploads\/2024\/11\/logo-promin-seo.jpg","contentUrl":"https:\/\/www.promin.it\/wp-content\/uploads\/2024\/11\/logo-promin-seo.jpg","width":512,"height":512,"caption":"Promin Srl"},"image":{"@id":"https:\/\/www.promin.it\/#\/schema\/logo\/image\/"},"sameAs":["https:\/\/www.facebook.com\/prominmed","https:\/\/www.instagram.com\/promin_medicina_integrata\/","https:\/\/www.linkedin.com\/company\/promin-prodotti-medicina-integrata\/"]},{"@type":"Person","@id":"https:\/\/www.promin.it\/#\/schema\/person\/5300bbb9723a95b31f4f19fcccc5fa91","name":"Promin"}]}},"jetpack_featured_media_url":"https:\/\/www.promin.it\/wp-content\/uploads\/2021\/10\/woman-3275328_1280.webp","jetpack_sharing_enabled":true,"jetpack_shortlink":"https:\/\/wp.me\/paiRmh-5cV","_links":{"self":[{"href":"https:\/\/www.promin.it\/fr\/wp-json\/wp\/v2\/posts\/20021"}],"collection":[{"href":"https:\/\/www.promin.it\/fr\/wp-json\/wp\/v2\/posts"}],"about":[{"href":"https:\/\/www.promin.it\/fr\/wp-json\/wp\/v2\/types\/post"}],"author":[{"embeddable":true,"href":"https:\/\/www.promin.it\/fr\/wp-json\/wp\/v2\/users\/4"}],"replies":[{"embeddable":true,"href":"https:\/\/www.promin.it\/fr\/wp-json\/wp\/v2\/comments?post=20021"}],"version-history":[{"count":1,"href":"https:\/\/www.promin.it\/fr\/wp-json\/wp\/v2\/posts\/20021\/revisions"}],"predecessor-version":[{"id":20452,"href":"https:\/\/www.promin.it\/fr\/wp-json\/wp\/v2\/posts\/20021\/revisions\/20452"}],"wp:featuredmedia":[{"embeddable":true,"href":"https:\/\/www.promin.it\/fr\/wp-json\/wp\/v2\/media\/20244"}],"wp:attachment":[{"href":"https:\/\/www.promin.it\/fr\/wp-json\/wp\/v2\/media?parent=20021"}],"wp:term":[{"taxonomy":"category","embeddable":true,"href":"https:\/\/www.promin.it\/fr\/wp-json\/wp\/v2\/categories?post=20021"},{"taxonomy":"post_tag","embeddable":true,"href":"https:\/\/www.promin.it\/fr\/wp-json\/wp\/v2\/tags?post=20021"}],"curies":[{"name":"wp","href":"https:\/\/api.w.org\/{rel}","templated":true}]}}