{"id":693,"count":2,"description":"Le syst\u00e8me respiratoire est compos\u00e9 des voies respiratoires (nez, pharynx, larynx, trach\u00e9e et bronches) et des poumons qui sont charg\u00e9s de la t\u00e2che fondamentale d\u2019alimenter le sang en oxyg\u00e8ne et de le lib\u00e9rer du dioxyde de carbone.","link":"https:\/\/www.promin.it\/fr\/categoria-prodotto\/aerien\/","name":"A\u00e9rien","slug":"aerien","taxonomy":"product_cat","parent":0,"meta":[],"acf":[],"yoast_head":"<!-- This site is optimized with the Yoast SEO plugin v23.4 - https:\/\/yoast.com\/wordpress\/plugins\/seo\/ -->\n<title>A\u00e9rien Archivi - Promin<\/title>\n<meta name=\"robots\" content=\"noindex, follow\" \/>\n<meta property=\"og:locale\" content=\"fr_FR\" \/>\n<meta property=\"og:type\" content=\"article\" \/>\n<meta property=\"og:title\" content=\"A\u00e9rien Archivi - Promin\" \/>\n<meta property=\"og:description\" content=\"Le syst\u00e8me respiratoire est compos\u00e9 des voies respiratoires (nez, pharynx, larynx, trach\u00e9e et bronches) et des poumons qui sont charg\u00e9s de la t\u00e2che fondamentale d\u2019alimenter le sang en oxyg\u00e8ne et de le lib\u00e9rer du dioxyde de carbone.\" \/>\n<meta property=\"og:url\" content=\"https:\/\/www.promin.it\/fr\/categoria-prodotto\/aerien\/\" \/>\n<meta property=\"og:site_name\" content=\"Promin\" \/>\n<meta property=\"og:image\" content=\"https:\/\/www.promin.it\/wp-content\/uploads\/2024\/11\/logo-promin-seo-1200.jpg\" \/>\n\t<meta property=\"og:image:width\" content=\"1200\" \/>\n\t<meta property=\"og:image:height\" content=\"675\" \/>\n\t<meta property=\"og:image:type\" content=\"image\/jpeg\" \/>\n<meta name=\"twitter:card\" content=\"summary_large_image\" \/>\n<script type=\"application\/ld+json\" class=\"yoast-schema-graph\">{\"@context\":\"https:\/\/schema.org\",\"@graph\":[{\"@type\":\"CollectionPage\",\"@id\":\"https:\/\/www.promin.it\/fr\/categoria-prodotto\/aerien\/\",\"url\":\"https:\/\/www.promin.it\/fr\/categoria-prodotto\/aerien\/\",\"name\":\"A\u00e9rien Archivi - Promin\",\"isPartOf\":{\"@id\":\"https:\/\/www.promin.it\/#website\"},\"breadcrumb\":{\"@id\":\"https:\/\/www.promin.it\/fr\/categoria-prodotto\/aerien\/#breadcrumb\"},\"inLanguage\":\"fr-FR\"},{\"@type\":\"BreadcrumbList\",\"@id\":\"https:\/\/www.promin.it\/fr\/categoria-prodotto\/aerien\/#breadcrumb\",\"itemListElement\":[{\"@type\":\"ListItem\",\"position\":1,\"name\":\"Accueil\",\"item\":\"https:\/\/www.promin.it\/fr\/\"},{\"@type\":\"ListItem\",\"position\":2,\"name\":\"A\u00e9rien\"}]},{\"@type\":\"WebSite\",\"@id\":\"https:\/\/www.promin.it\/#website\",\"url\":\"https:\/\/www.promin.it\/\",\"name\":\"Promin\",\"description\":\"Prodotti Medicina Integrata\",\"publisher\":{\"@id\":\"https:\/\/www.promin.it\/#organization\"},\"potentialAction\":[{\"@type\":\"SearchAction\",\"target\":{\"@type\":\"EntryPoint\",\"urlTemplate\":\"https:\/\/www.promin.it\/?s={search_term_string}\"},\"query-input\":{\"@type\":\"PropertyValueSpecification\",\"valueRequired\":true,\"valueName\":\"search_term_string\"}}],\"inLanguage\":\"fr-FR\"},{\"@type\":\"Organization\",\"@id\":\"https:\/\/www.promin.it\/#organization\",\"name\":\"Promin Srl\",\"alternateName\":\"Promin - Prodotti Medicina Integrata\",\"url\":\"https:\/\/www.promin.it\/\",\"logo\":{\"@type\":\"ImageObject\",\"inLanguage\":\"fr-FR\",\"@id\":\"https:\/\/www.promin.it\/#\/schema\/logo\/image\/\",\"url\":\"https:\/\/www.promin.it\/wp-content\/uploads\/2024\/11\/logo-promin-seo.jpg\",\"contentUrl\":\"https:\/\/www.promin.it\/wp-content\/uploads\/2024\/11\/logo-promin-seo.jpg\",\"width\":512,\"height\":512,\"caption\":\"Promin Srl\"},\"image\":{\"@id\":\"https:\/\/www.promin.it\/#\/schema\/logo\/image\/\"},\"sameAs\":[\"https:\/\/www.facebook.com\/prominmed\",\"https:\/\/www.instagram.com\/promin_medicina_integrata\/\",\"https:\/\/www.linkedin.com\/company\/promin-prodotti-medicina-integrata\/\"]}]}<\/script>\n<!-- \/ Yoast SEO plugin. -->","yoast_head_json":{"title":"A\u00e9rien Archivi - Promin","robots":{"index":"noindex","follow":"follow"},"og_locale":"fr_FR","og_type":"article","og_title":"A\u00e9rien Archivi - Promin","og_description":"Le syst\u00e8me respiratoire est compos\u00e9 des voies respiratoires (nez, pharynx, larynx, trach\u00e9e et bronches) et des poumons qui sont charg\u00e9s de la t\u00e2che fondamentale d\u2019alimenter le sang en oxyg\u00e8ne et de le lib\u00e9rer du dioxyde de carbone.","og_url":"https:\/\/www.promin.it\/fr\/categoria-prodotto\/aerien\/","og_site_name":"Promin","og_image":[{"width":1200,"height":675,"url":"https:\/\/www.promin.it\/wp-content\/uploads\/2024\/11\/logo-promin-seo-1200.jpg","type":"image\/jpeg"}],"twitter_card":"summary_large_image","schema":{"@context":"https:\/\/schema.org","@graph":[{"@type":"CollectionPage","@id":"https:\/\/www.promin.it\/fr\/categoria-prodotto\/aerien\/","url":"https:\/\/www.promin.it\/fr\/categoria-prodotto\/aerien\/","name":"A\u00e9rien Archivi - Promin","isPartOf":{"@id":"https:\/\/www.promin.it\/#website"},"breadcrumb":{"@id":"https:\/\/www.promin.it\/fr\/categoria-prodotto\/aerien\/#breadcrumb"},"inLanguage":"fr-FR"},{"@type":"BreadcrumbList","@id":"https:\/\/www.promin.it\/fr\/categoria-prodotto\/aerien\/#breadcrumb","itemListElement":[{"@type":"ListItem","position":1,"name":"Accueil","item":"https:\/\/www.promin.it\/fr\/"},{"@type":"ListItem","position":2,"name":"A\u00e9rien"}]},{"@type":"WebSite","@id":"https:\/\/www.promin.it\/#website","url":"https:\/\/www.promin.it\/","name":"Promin","description":"Prodotti Medicina Integrata","publisher":{"@id":"https:\/\/www.promin.it\/#organization"},"potentialAction":[{"@type":"SearchAction","target":{"@type":"EntryPoint","urlTemplate":"https:\/\/www.promin.it\/?s={search_term_string}"},"query-input":{"@type":"PropertyValueSpecification","valueRequired":true,"valueName":"search_term_string"}}],"inLanguage":"fr-FR"},{"@type":"Organization","@id":"https:\/\/www.promin.it\/#organization","name":"Promin Srl","alternateName":"Promin - Prodotti Medicina Integrata","url":"https:\/\/www.promin.it\/","logo":{"@type":"ImageObject","inLanguage":"fr-FR","@id":"https:\/\/www.promin.it\/#\/schema\/logo\/image\/","url":"https:\/\/www.promin.it\/wp-content\/uploads\/2024\/11\/logo-promin-seo.jpg","contentUrl":"https:\/\/www.promin.it\/wp-content\/uploads\/2024\/11\/logo-promin-seo.jpg","width":512,"height":512,"caption":"Promin Srl"},"image":{"@id":"https:\/\/www.promin.it\/#\/schema\/logo\/image\/"},"sameAs":["https:\/\/www.facebook.com\/prominmed","https:\/\/www.instagram.com\/promin_medicina_integrata\/","https:\/\/www.linkedin.com\/company\/promin-prodotti-medicina-integrata\/"]}]}},"_links":{"self":[{"href":"https:\/\/www.promin.it\/fr\/wp-json\/wp\/v2\/product_cat\/693"}],"collection":[{"href":"https:\/\/www.promin.it\/fr\/wp-json\/wp\/v2\/product_cat"}],"about":[{"href":"https:\/\/www.promin.it\/fr\/wp-json\/wp\/v2\/taxonomies\/product_cat"}],"wp:post_type":[{"href":"https:\/\/www.promin.it\/fr\/wp-json\/wp\/v2\/product?product_cat=693"}],"curies":[{"name":"wp","href":"https:\/\/api.w.org\/{rel}","templated":true}]}}